{"id":66022,"date":"2018-09-25T08:19:43","date_gmt":"2018-09-25T11:19:43","guid":{"rendered":"http:\/\/www.caririemacao.com\/1\/?p=66022"},"modified":"2018-09-25T08:19:43","modified_gmt":"2018-09-25T11:19:43","slug":"homem-e-morto-dentro-de-casa-e-esposa-e-bebe-acabam-baleados","status":"publish","type":"post","link":"https:\/\/www.caririemacao.com\/1\/2018\/09\/25\/homem-e-morto-dentro-de-casa-e-esposa-e-bebe-acabam-baleados\/","title":{"rendered":"Homem \u00e9 morto dentro de casa, e esposa e beb\u00ea acabam baleados"},"content":{"rendered":"<p>Um beb\u00ea de quatro meses foi v\u00edtima de um disparo de arma de fogo na noite dessa segunda-feira, 24, na zona rural de Alagoa Grande.<\/p>\n<p>Segundo informa\u00e7\u00f5es, o pai da crian\u00e7a, Elielson da Silva, mais conhecido como\u00a0\u201cShineray\u201d, foi surpreendido dentro de casa e morto a tiros, e o filho de quatro meses e a m\u00e3e da crian\u00e7a acabaram sendo baleados.<\/p>\n<p>O beb\u00ea e a m\u00e3e foram socorridos para o Hospital de Trauma de Campina Grande.<\/p>\n<p>Ainda n\u00e3o h\u00e1 informa\u00e7\u00f5es sobre o estado de sa\u00fade das v\u00edtimas.<\/p>\n<p><strong>Para\u00edba Online\u00a0<\/strong><\/p>\n<p>Cariri em A\u00e7\u00e3o<\/p>\n<p>Leia mais not\u00edcias em\u00a0<a href=\"http:\/\/www.caririemacao.com\/\">caririemacao.com<\/a>, siga nossa p\u00e1gina no\u00a0<a href=\"https:\/\/www.facebook.com\/CaririEmAcao\/?ref=aymt_homepage_panel\">Facebook<\/a>,\u00a0<a href=\"https:\/\/www.instagram.com\/cariri_em_acao\/?hl=pt-br\">Instagram<\/a>\u00a0e\u00a0<a href=\"https:\/\/www.youtube.com\/channel\/UCAptA0jQuYQy8vMhLt2m4qg\">Youtube<\/a>\u00a0e veja nossas mat\u00e9rias, v\u00eddeos e fotos. Voc\u00ea tamb\u00e9m pode enviar informa\u00e7\u00f5es \u00e0 Reda\u00e7\u00e3o do Portal Cariri em A\u00e7\u00e3o pelo WhatsApp (83) 9 9634.5791, (83) 9 9601-1162.<\/p>\n","protected":false},"excerpt":{"rendered":"<p>Um beb\u00ea de quatro meses foi v\u00edtima de um disparo de arma de fogo na noite dessa segunda-feira, 24, na zona rural de Alagoa Grande.&hellip; <\/p>\n","protected":false},"author":1,"featured_media":15928,"comment_status":"closed","ping_status":"closed","sticky":false,"template":"","format":"standard","meta":{"sfsi_plus_gutenberg_text_before_share":"","sfsi_plus_gutenberg_show_text_before_share":"","sfsi_plus_gutenberg_icon_type":"","sfsi_plus_gutenberg_icon_alignemt":"","sfsi_plus_gutenburg_max_per_row":"","footnotes":""},"categories":[12],"tags":[],"class_list":["post-66022","post","type-post","status-publish","format-standard","has-post-thumbnail","hentry","category-policia"],"_links":{"self":[{"href":"https:\/\/www.caririemacao.com\/1\/wp-json\/wp\/v2\/posts\/66022","targetHints":{"allow":["GET"]}}],"collection":[{"href":"https:\/\/www.caririemacao.com\/1\/wp-json\/wp\/v2\/posts"}],"about":[{"href":"https:\/\/www.caririemacao.com\/1\/wp-json\/wp\/v2\/types\/post"}],"author":[{"embeddable":true,"href":"https:\/\/www.caririemacao.com\/1\/wp-json\/wp\/v2\/users\/1"}],"replies":[{"embeddable":true,"href":"https:\/\/www.caririemacao.com\/1\/wp-json\/wp\/v2\/comments?post=66022"}],"version-history":[{"count":1,"href":"https:\/\/www.caririemacao.com\/1\/wp-json\/wp\/v2\/posts\/66022\/revisions"}],"predecessor-version":[{"id":66023,"href":"https:\/\/www.caririemacao.com\/1\/wp-json\/wp\/v2\/posts\/66022\/revisions\/66023"}],"wp:featuredmedia":[{"embeddable":true,"href":"https:\/\/www.caririemacao.com\/1\/wp-json\/wp\/v2\/media\/15928"}],"wp:attachment":[{"href":"https:\/\/www.caririemacao.com\/1\/wp-json\/wp\/v2\/media?parent=66022"}],"wp:term":[{"taxonomy":"category","embeddable":true,"href":"https:\/\/www.caririemacao.com\/1\/wp-json\/wp\/v2\/categories?post=66022"},{"taxonomy":"post_tag","embeddable":true,"href":"https:\/\/www.caririemacao.com\/1\/wp-json\/wp\/v2\/tags?post=66022"}],"curies":[{"name":"wp","href":"https:\/\/api.w.org\/{rel}","templated":true}]}}