{"id":66024,"date":"2018-09-25T08:31:19","date_gmt":"2018-09-25T11:31:19","guid":{"rendered":"http:\/\/www.caririemacao.com\/1\/?p=66024"},"modified":"2018-09-25T08:31:19","modified_gmt":"2018-09-25T11:31:19","slug":"fies-abre-inscricoes-para-vagas-remanescentes","status":"publish","type":"post","link":"https:\/\/www.caririemacao.com\/1\/2018\/09\/25\/fies-abre-inscricoes-para-vagas-remanescentes\/","title":{"rendered":"Fies abre inscri\u00e7\u00f5es para vagas remanescentes"},"content":{"rendered":"<p>Est\u00e3o abertas, desde essa segunda-feira (24), as inscri\u00e7\u00f5es para as vagas que n\u00e3o foram preenchidas no processo seletivo regular do Fundo de Financiamento Estudantil (Fies), referentes ao segundo semestre de 2018. Para concorrer, os interessados devem fazer um cadastro no site do programa.<\/p>\n<p>Podem disputar as vagas remanescentes candidatos que tenham participado de alguma edi\u00e7\u00e3o do Exame Nacional do Ensino M\u00e9dio (Enem) desde 2010 e tenham obtido a nota m\u00ednima de 450 pontos nas provas e acima de zero na reda\u00e7\u00e3o. Al\u00e9m disso, \u00e9 necess\u00e1rio comprovar renda familiar mensal bruta per capita de at\u00e9 tr\u00eas sal\u00e1rios m\u00ednimos.<\/p>\n<p>Uma vez pr\u00e9-selecionados, eles ter\u00e3o um prazo de dois dias \u00fateis para complementar os dados solicitados pelo FiesSele\u00e7\u00e3o e, em seguida, tr\u00eas dias \u00fateis para comparecer \u00e0 institui\u00e7\u00e3o onde ser\u00e3o validadas as informa\u00e7\u00f5es inseridas. Com a valida\u00e7\u00e3o dos dados, os candidatos poder\u00e3o comparecer ao banco para efetivar a contrata\u00e7\u00e3o do financiamento.<\/p>\n<p>Prazos de inscri\u00e7\u00e3o<\/p>\n<p>As datas para a inscri\u00e7\u00e3o, tanto de in\u00edcio quanto finais, variam de acordo com o perfil do estudante. A prioridade \u00e9 dos estudantes que participaram do processo seletivo regular do Fies do segundo semestre de 2018 e se inscreveram em cursos nos quais n\u00e3o houve forma\u00e7\u00e3o de turma no per\u00edodo inicial. Para esses, o prazo de inscri\u00e7\u00e3o termina na quinta-feira (27).<\/p>\n<p>O prazo de inscri\u00e7\u00e3o para os candidatos que desejam concorrer a vaga em institui\u00e7\u00f5es nas quais n\u00e3o est\u00e3o matriculados termina no dia 1\u00ba de outubro e, para aqueles que querem concorrer a financiamentos nas institui\u00e7\u00f5es nas quais j\u00e1 est\u00e3o matriculados, no dia 9 de novembro.<\/p>\n<p>O cronograma detalhado dos per\u00edodos de inscri\u00e7\u00e3o est\u00e1 dispon\u00edvel na p\u00e1gina do Fies.<\/p>\n<p>Ag\u00eancia Brasil<\/p>\n<p>Cariri em A\u00e7\u00e3o<\/p>\n<p style=\"text-align: left;\">Leia mais not\u00edcias em\u00a0<a href=\"http:\/\/www.caririemacao.com\/\">caririemacao.com<\/a>, siga nossa p\u00e1gina no\u00a0<a href=\"https:\/\/www.facebook.com\/CaririEmAcao\/?ref=aymt_homepage_panel\">Facebook<\/a>,\u00a0<a href=\"https:\/\/www.instagram.com\/cariri_em_acao\/?hl=pt-br\">Instagram<\/a>\u00a0e\u00a0<a href=\"https:\/\/www.youtube.com\/channel\/UCAptA0jQuYQy8vMhLt2m4qg\">Youtube<\/a>\u00a0e veja nossas mat\u00e9rias, v\u00eddeos e fotos. Voc\u00ea tamb\u00e9m pode enviar informa\u00e7\u00f5es \u00e0 Reda\u00e7\u00e3o do Portal Cariri em A\u00e7\u00e3o pelo WhatsApp (83) 9 9634.5791, (83) 9 9601-1162.<\/p>\n","protected":false},"excerpt":{"rendered":"<p>Est\u00e3o abertas, desde essa segunda-feira (24), as inscri\u00e7\u00f5es para as vagas que n\u00e3o foram preenchidas no processo seletivo regular do Fundo de Financiamento Estudantil (Fies),&hellip; <\/p>\n","protected":false},"author":1,"featured_media":21906,"comment_status":"closed","ping_status":"closed","sticky":false,"template":"","format":"standard","meta":{"sfsi_plus_gutenberg_text_before_share":"","sfsi_plus_gutenberg_show_text_before_share":"","sfsi_plus_gutenberg_icon_type":"","sfsi_plus_gutenberg_icon_alignemt":"","sfsi_plus_gutenburg_max_per_row":"","footnotes":""},"categories":[14],"tags":[],"class_list":["post-66024","post","type-post","status-publish","format-standard","has-post-thumbnail","hentry","category-educacao"],"_links":{"self":[{"href":"https:\/\/www.caririemacao.com\/1\/wp-json\/wp\/v2\/posts\/66024","targetHints":{"allow":["GET"]}}],"collection":[{"href":"https:\/\/www.caririemacao.com\/1\/wp-json\/wp\/v2\/posts"}],"about":[{"href":"https:\/\/www.caririemacao.com\/1\/wp-json\/wp\/v2\/types\/post"}],"author":[{"embeddable":true,"href":"https:\/\/www.caririemacao.com\/1\/wp-json\/wp\/v2\/users\/1"}],"replies":[{"embeddable":true,"href":"https:\/\/www.caririemacao.com\/1\/wp-json\/wp\/v2\/comments?post=66024"}],"version-history":[{"count":1,"href":"https:\/\/www.caririemacao.com\/1\/wp-json\/wp\/v2\/posts\/66024\/revisions"}],"predecessor-version":[{"id":66025,"href":"https:\/\/www.caririemacao.com\/1\/wp-json\/wp\/v2\/posts\/66024\/revisions\/66025"}],"wp:featuredmedia":[{"embeddable":true,"href":"https:\/\/www.caririemacao.com\/1\/wp-json\/wp\/v2\/media\/21906"}],"wp:attachment":[{"href":"https:\/\/www.caririemacao.com\/1\/wp-json\/wp\/v2\/media?parent=66024"}],"wp:term":[{"taxonomy":"category","embeddable":true,"href":"https:\/\/www.caririemacao.com\/1\/wp-json\/wp\/v2\/categories?post=66024"},{"taxonomy":"post_tag","embeddable":true,"href":"https:\/\/www.caririemacao.com\/1\/wp-json\/wp\/v2\/tags?post=66024"}],"curies":[{"name":"wp","href":"https:\/\/api.w.org\/{rel}","templated":true}]}}