{"id":66037,"date":"2018-09-25T10:58:26","date_gmt":"2018-09-25T13:58:26","guid":{"rendered":"http:\/\/www.caririemacao.com\/1\/?p=66037"},"modified":"2018-09-25T10:58:26","modified_gmt":"2018-09-25T13:58:26","slug":"pesquisa-big-data-aponta-joao-azevedo-com-33-maranhao-com-23-e-lucelio-cartaxo-com-19","status":"publish","type":"post","link":"https:\/\/www.caririemacao.com\/1\/2018\/09\/25\/pesquisa-big-data-aponta-joao-azevedo-com-33-maranhao-com-23-e-lucelio-cartaxo-com-19\/","title":{"rendered":"Pesquisa Big Data aponta Jo\u00e3o Azev\u00eado com 33%, Maranh\u00e3o com 23% e Luc\u00e9lio Cartaxo com 19%"},"content":{"rendered":"<p>O resultado da Pesquisa Big Data\/TV Record sobre a disputa para o Governo do Estado da Para\u00edba foi divulgada nesta segunda-feira (24) e apontou Jo\u00e3o Azev\u00eado (PSB) como o mais indicado pelos eleitores pesquisados. Azev\u00eado lidera a pesquisa com 33% das inten\u00e7\u00f5es de voto.<\/p>\n<p>O segundo candidato mais bem colocado na pesquisa estimulada \u00e9 Jos\u00e9 Maranh\u00e3o (MDB), que aparece com 23% das inten\u00e7\u00f5es de voto. J\u00e1 Luc\u00e9lio Cartaxo (PV) aparece na terceira posi\u00e7\u00e3o com 19%.<\/p>\n<p>T\u00e1rcio Teixeira foi o escolhido de 1% do eleitorado pesquisado como candidato a governador e Rama Dantas n\u00e3o chegou a pontuar nessa consulta. 13% do total dos entrevistados afirmou que pretende votar banco, nulo ou n\u00e3o votar\u00e1. Outros 11% declararam estar indecisos.<\/p>\n<p><img fetchpriority=\"high\" decoding=\"async\" class=\"alignnone size-medium wp-image-66038\" src=\"http:\/\/www.caririemacao.com\/1\/wp-content\/uploads\/2018\/09\/pesquisa_big_data_-_governador-300x281.jpg\" alt=\"\" width=\"300\" height=\"281\" srcset=\"https:\/\/www.caririemacao.com\/1\/wp-content\/uploads\/2018\/09\/pesquisa_big_data_-_governador-300x281.jpg 300w, https:\/\/www.caririemacao.com\/1\/wp-content\/uploads\/2018\/09\/pesquisa_big_data_-_governador-768x718.jpg 768w, https:\/\/www.caririemacao.com\/1\/wp-content\/uploads\/2018\/09\/pesquisa_big_data_-_governador.jpg 959w\" sizes=\"(max-width: 300px) 100vw, 300px\" \/>A pesquisa do instituto Real Time Big Data foi registrada sob o n\u00famero PB-00569-2018 e contratada pela TV Record. Ao todo foram entrevistados mil eleitores no estado da Para\u00edba entre os dias 21 e 22 de setembro.\u00a0O n\u00edvel de confian\u00e7a \u00e9 de 95%. A margem de erro \u00e9 de at\u00e9 3 pontos percentuais para mais ou para menos.<\/p>\n<p>Segundo registrado no TSE, a pesquisa \u00e9 quantitativa e consiste na realiza\u00e7\u00e3o de entrevistas por telefone, com a aplica\u00e7\u00e3o de question\u00e1rio estruturado junto a uma amostra, representativa do eleitorado em estudo.<\/p>\n<p>Bruno Lira<\/p>\n<p>Cariri em A\u00e7\u00e3o<\/p>\n<p>Leia mais not\u00edcias em\u00a0<a href=\"http:\/\/www.caririemacao.com\/\">caririemacao.com<\/a>, siga nossa p\u00e1gina no\u00a0<a href=\"https:\/\/www.facebook.com\/CaririEmAcao\/?ref=aymt_homepage_panel\">Facebook<\/a>,\u00a0<a href=\"https:\/\/www.instagram.com\/cariri_em_acao\/?hl=pt-br\">Instagram<\/a>\u00a0e\u00a0<a href=\"https:\/\/www.youtube.com\/channel\/UCAptA0jQuYQy8vMhLt2m4qg\">Youtube<\/a>\u00a0e veja nossas mat\u00e9rias, v\u00eddeos e fotos. Voc\u00ea tamb\u00e9m pode enviar informa\u00e7\u00f5es \u00e0 Reda\u00e7\u00e3o do Portal Cariri em A\u00e7\u00e3o pelo WhatsApp (83) 9 9634.5791, (83) 9 9601-1162.<\/p>\n","protected":false},"excerpt":{"rendered":"<p>O resultado da Pesquisa Big Data\/TV Record sobre a disputa para o Governo do Estado da Para\u00edba foi divulgada nesta segunda-feira (24) e apontou Jo\u00e3o&hellip; <\/p>\n","protected":false},"author":1,"featured_media":66040,"comment_status":"closed","ping_status":"closed","sticky":false,"template":"","format":"standard","meta":{"sfsi_plus_gutenberg_text_before_share":"","sfsi_plus_gutenberg_show_text_before_share":"","sfsi_plus_gutenberg_icon_type":"","sfsi_plus_gutenberg_icon_alignemt":"","sfsi_plus_gutenburg_max_per_row":"","footnotes":""},"categories":[1],"tags":[],"class_list":["post-66037","post","type-post","status-publish","format-standard","has-post-thumbnail","hentry","category-o-site"],"_links":{"self":[{"href":"https:\/\/www.caririemacao.com\/1\/wp-json\/wp\/v2\/posts\/66037","targetHints":{"allow":["GET"]}}],"collection":[{"href":"https:\/\/www.caririemacao.com\/1\/wp-json\/wp\/v2\/posts"}],"about":[{"href":"https:\/\/www.caririemacao.com\/1\/wp-json\/wp\/v2\/types\/post"}],"author":[{"embeddable":true,"href":"https:\/\/www.caririemacao.com\/1\/wp-json\/wp\/v2\/users\/1"}],"replies":[{"embeddable":true,"href":"https:\/\/www.caririemacao.com\/1\/wp-json\/wp\/v2\/comments?post=66037"}],"version-history":[{"count":1,"href":"https:\/\/www.caririemacao.com\/1\/wp-json\/wp\/v2\/posts\/66037\/revisions"}],"predecessor-version":[{"id":66041,"href":"https:\/\/www.caririemacao.com\/1\/wp-json\/wp\/v2\/posts\/66037\/revisions\/66041"}],"wp:featuredmedia":[{"embeddable":true,"href":"https:\/\/www.caririemacao.com\/1\/wp-json\/wp\/v2\/media\/66040"}],"wp:attachment":[{"href":"https:\/\/www.caririemacao.com\/1\/wp-json\/wp\/v2\/media?parent=66037"}],"wp:term":[{"taxonomy":"category","embeddable":true,"href":"https:\/\/www.caririemacao.com\/1\/wp-json\/wp\/v2\/categories?post=66037"},{"taxonomy":"post_tag","embeddable":true,"href":"https:\/\/www.caririemacao.com\/1\/wp-json\/wp\/v2\/tags?post=66037"}],"curies":[{"name":"wp","href":"https:\/\/api.w.org\/{rel}","templated":true}]}}