{"id":66044,"date":"2018-09-25T13:21:29","date_gmt":"2018-09-25T16:21:29","guid":{"rendered":"http:\/\/www.caririemacao.com\/1\/?p=66044"},"modified":"2018-09-25T13:22:43","modified_gmt":"2018-09-25T16:22:43","slug":"cantora-relata-ameacas-e-apaga-publicacao-contra-bolsonaro","status":"publish","type":"post","link":"https:\/\/www.caririemacao.com\/1\/2018\/09\/25\/cantora-relata-ameacas-e-apaga-publicacao-contra-bolsonaro\/","title":{"rendered":"Cantora relata amea\u00e7as e apaga publica\u00e7\u00e3o contra Bolsonaro"},"content":{"rendered":"<p>Mar\u00edlia Mendon\u00e7a, 23, apagou de suas redes sociais a postagem que havia compartilhado com a hashtag\u00a0#EleN\u00e3o, contra o candidato \u00e0 Presid\u00eancia Jair Bolsonaro\u00a0(PSL). Nesta segunda (24) a cantora relatou em seu Instagram\u00a0que sua fam\u00edlia vem sofrendo ataques ap\u00f3s ter se posicionado politicamente.<\/p>\n<p>\u201cEu sou uma menina de 23 anos, cheia de amigos das mais variadas formas e conceitos que sempre respeitou o seu espa\u00e7o, e construiu com apenas algumas boas torcidas e muita f\u00e9, o que tenho hoje\u201d, come\u00e7ou a cantora.\u00a0\u201cEm uma noite, tudo o que foi constru\u00eddo com amor e carinho foi apagado na mente de algumas pessoas.\u201d<\/p>\n<p>Na legenda da foto,\u00a0em que sua m\u00e3e e seu irm\u00e3o aparecem junto dela, Mendon\u00e7a diz\u00a0ter se sentido mal com a situa\u00e7\u00e3o toda. \u201cMinha m\u00e3e tem recebido ataques tanto quanto o restante da minha fam\u00edlia que nem compartilham da mesma opini\u00e3o que a minha\u201d, descreve.<\/p>\n<p>Ela tamb\u00e9m se desculpa com seus seguidores por ter defendido algo que acreditava e diz que se calar\u00e1 politicamente. \u201cDeixo aqui\u00a0o meu pedido de desculpas a\u00a0todas as mulheres que acreditei estar defendendo naquele momento. Deixo aqui o meu pedido de desculpas\u00a0a\u00a0todos os homens, por em um instante de loucura acreditar que uma opini\u00e3o n\u00e3o feriria voc\u00eas.\u201d<\/p>\n<p>\u201cDeixo aqui essa mensagem, e o meu profundo sil\u00eancio em qualquer quest\u00e3o que seja pol\u00edtica. \u00a0A gente pede encarecidamente paz\u201d, completou ela. \u201cN\u00e3o posso opinar j\u00e1 que n\u00e3o sei do que o Brasil precisa! T\u00e1 na m\u00e3o de voc\u00eas, galera! Boa sorte a\u00a0todo mundo!\u201d, concluiu.<\/p>\n<p>Assim como Mendon\u00e7a, outras celebridades aderiram \u00e0 corrente contra Jair Bolsonaro. Anitta, por exemplo, foi pressionada por seus f\u00e3s a se posicionar\u00a0e, depois de desafiada por Daniela Mercury, compartilhou um v\u00eddeo em que dizia n\u00e3o apoiar o ex-militar.<\/p>\n<p>Quem tamb\u00e9m recebeu ataques em suas redes sociais foi Sasha\u00a0Meneghel, 20, que virou alvo dos eleitores pr\u00f3-Bolsonaro\u00a0ap\u00f3s publicar mensagens contr\u00e1rias ao candidato \u00e0 Presid\u00eancia.<\/p>\n<p>Outras celebridades foram alvo de \u201cfake\u00a0news\u201d e tiveram seus nomes associados \u00e0 campanha do candidato do PSL. Sandy, Rog\u00e9rio Ceni, Guga e Silvio\u00a0Santos estampam fotos de uma corrente de WhatsApp com frases favor\u00e1veis a Bolsonaro.<\/p>\n<p>Folha Express<\/p>\n<p>Cariri em A\u00e7\u00e3o<\/p>\n<p>Leia mais not\u00edcias em\u00a0<a href=\"http:\/\/www.caririemacao.com\/\">caririemacao.com<\/a>, siga nossa p\u00e1gina no\u00a0<a href=\"https:\/\/www.facebook.com\/CaririEmAcao\/?ref=aymt_homepage_panel\">Facebook<\/a>,\u00a0<a href=\"https:\/\/www.instagram.com\/cariri_em_acao\/?hl=pt-br\">Instagram<\/a>\u00a0e\u00a0<a href=\"https:\/\/www.youtube.com\/channel\/UCAptA0jQuYQy8vMhLt2m4qg\">Youtube<\/a>\u00a0e veja nossas mat\u00e9rias, v\u00eddeos e fotos. Voc\u00ea tamb\u00e9m pode enviar informa\u00e7\u00f5es \u00e0 Reda\u00e7\u00e3o do Portal Cariri em A\u00e7\u00e3o pelo WhatsApp (83) 9 9634.5791, (83) 9 9601-1162.<\/p>\n","protected":false},"excerpt":{"rendered":"<p>Mar\u00edlia Mendon\u00e7a, 23, apagou de suas redes sociais a postagem que havia compartilhado com a hashtag\u00a0#EleN\u00e3o, contra o candidato \u00e0 Presid\u00eancia Jair Bolsonaro\u00a0(PSL). Nesta segunda&hellip; <\/p>\n","protected":false},"author":1,"featured_media":66047,"comment_status":"closed","ping_status":"closed","sticky":false,"template":"","format":"standard","meta":{"sfsi_plus_gutenberg_text_before_share":"","sfsi_plus_gutenberg_show_text_before_share":"","sfsi_plus_gutenberg_icon_type":"","sfsi_plus_gutenberg_icon_alignemt":"","sfsi_plus_gutenburg_max_per_row":"","footnotes":""},"categories":[2],"tags":[],"class_list":["post-66044","post","type-post","status-publish","format-standard","has-post-thumbnail","hentry","category-geral"],"_links":{"self":[{"href":"https:\/\/www.caririemacao.com\/1\/wp-json\/wp\/v2\/posts\/66044","targetHints":{"allow":["GET"]}}],"collection":[{"href":"https:\/\/www.caririemacao.com\/1\/wp-json\/wp\/v2\/posts"}],"about":[{"href":"https:\/\/www.caririemacao.com\/1\/wp-json\/wp\/v2\/types\/post"}],"author":[{"embeddable":true,"href":"https:\/\/www.caririemacao.com\/1\/wp-json\/wp\/v2\/users\/1"}],"replies":[{"embeddable":true,"href":"https:\/\/www.caririemacao.com\/1\/wp-json\/wp\/v2\/comments?post=66044"}],"version-history":[{"count":1,"href":"https:\/\/www.caririemacao.com\/1\/wp-json\/wp\/v2\/posts\/66044\/revisions"}],"predecessor-version":[{"id":66045,"href":"https:\/\/www.caririemacao.com\/1\/wp-json\/wp\/v2\/posts\/66044\/revisions\/66045"}],"wp:featuredmedia":[{"embeddable":true,"href":"https:\/\/www.caririemacao.com\/1\/wp-json\/wp\/v2\/media\/66047"}],"wp:attachment":[{"href":"https:\/\/www.caririemacao.com\/1\/wp-json\/wp\/v2\/media?parent=66044"}],"wp:term":[{"taxonomy":"category","embeddable":true,"href":"https:\/\/www.caririemacao.com\/1\/wp-json\/wp\/v2\/categories?post=66044"},{"taxonomy":"post_tag","embeddable":true,"href":"https:\/\/www.caririemacao.com\/1\/wp-json\/wp\/v2\/tags?post=66044"}],"curies":[{"name":"wp","href":"https:\/\/api.w.org\/{rel}","templated":true}]}}