{"id":66048,"date":"2018-09-25T13:28:17","date_gmt":"2018-09-25T16:28:17","guid":{"rendered":"http:\/\/www.caririemacao.com\/1\/?p=66048"},"modified":"2018-09-25T13:28:49","modified_gmt":"2018-09-25T16:28:49","slug":"bandidos-arrombam-loja-do-armazem-paraiba-em-pombal-e-levam-mais-de-r-250-mil-em-mercadorias","status":"publish","type":"post","link":"https:\/\/www.caririemacao.com\/1\/2018\/09\/25\/bandidos-arrombam-loja-do-armazem-paraiba-em-pombal-e-levam-mais-de-r-250-mil-em-mercadorias\/","title":{"rendered":"Bandidos arrombam loja do Armaz\u00e9m Para\u00edba em Pombal e levam mais de R$ 250 mil em mercadorias"},"content":{"rendered":"<p>De acordo com informa\u00e7\u00f5es repassadas,\u00a0os criminosos arrombaram uma parede nos fundos do\u00a0estabelecimento comercial utilizando andaimes e cordas.<\/p>\n<p>O fato aconteceu por volta de 01:15 horas da madrugada de domingo (23), na cidade de Pombal no sert\u00e3o da Para\u00edba. Os criminosos subtra\u00edram 227 celulares, 46 tabletes e R$ 4.500 em dinheiro, totalizando um preju\u00edzo superior a R$ 250 mil.<\/p>\n<p>Os acusados ainda n\u00e3o identificados teriam quebrado o sistema de monitoramento e teriam ainda arrombado cofre e arm\u00e1rios do estabelecimento.<\/p>\n<p>O caso foi registrado na noite desta segunda-feira (24), na Delegacia de Pol\u00edcia Civil de Pombal, que investigar\u00e1 o caso.<\/p>\n<p>Imagens do circuito interno da loja dever\u00e3o ser utilizadas para identificar os criminosos.<\/p>\n<p>Hora1PB<\/p>\n<p>Cariri em A\u00e7\u00e3o<\/p>\n<p>Leia mais not\u00edcias em\u00a0<a href=\"http:\/\/www.caririemacao.com\/\">caririemacao.com<\/a>, siga nossa p\u00e1gina no\u00a0<a href=\"https:\/\/www.facebook.com\/CaririEmAcao\/?ref=aymt_homepage_panel\">Facebook<\/a>,\u00a0<a href=\"https:\/\/www.instagram.com\/cariri_em_acao\/?hl=pt-br\">Instagram<\/a>\u00a0e\u00a0<a href=\"https:\/\/www.youtube.com\/channel\/UCAptA0jQuYQy8vMhLt2m4qg\">Youtube<\/a>\u00a0e veja nossas mat\u00e9rias, v\u00eddeos e fotos. Voc\u00ea tamb\u00e9m pode enviar informa\u00e7\u00f5es \u00e0 Reda\u00e7\u00e3o do Portal Cariri em A\u00e7\u00e3o pelo WhatsApp (83) 9 9634.5791, (83) 9 9601-1162.<\/p>\n","protected":false},"excerpt":{"rendered":"<p>De acordo com informa\u00e7\u00f5es repassadas,\u00a0os criminosos arrombaram uma parede nos fundos do\u00a0estabelecimento comercial utilizando andaimes e cordas. O fato aconteceu por volta de 01:15 horas&hellip; <\/p>\n","protected":false},"author":1,"featured_media":66049,"comment_status":"closed","ping_status":"closed","sticky":false,"template":"","format":"standard","meta":{"sfsi_plus_gutenberg_text_before_share":"","sfsi_plus_gutenberg_show_text_before_share":"","sfsi_plus_gutenberg_icon_type":"","sfsi_plus_gutenberg_icon_alignemt":"","sfsi_plus_gutenburg_max_per_row":"","footnotes":""},"categories":[12],"tags":[],"class_list":["post-66048","post","type-post","status-publish","format-standard","has-post-thumbnail","hentry","category-policia"],"_links":{"self":[{"href":"https:\/\/www.caririemacao.com\/1\/wp-json\/wp\/v2\/posts\/66048","targetHints":{"allow":["GET"]}}],"collection":[{"href":"https:\/\/www.caririemacao.com\/1\/wp-json\/wp\/v2\/posts"}],"about":[{"href":"https:\/\/www.caririemacao.com\/1\/wp-json\/wp\/v2\/types\/post"}],"author":[{"embeddable":true,"href":"https:\/\/www.caririemacao.com\/1\/wp-json\/wp\/v2\/users\/1"}],"replies":[{"embeddable":true,"href":"https:\/\/www.caririemacao.com\/1\/wp-json\/wp\/v2\/comments?post=66048"}],"version-history":[{"count":1,"href":"https:\/\/www.caririemacao.com\/1\/wp-json\/wp\/v2\/posts\/66048\/revisions"}],"predecessor-version":[{"id":66050,"href":"https:\/\/www.caririemacao.com\/1\/wp-json\/wp\/v2\/posts\/66048\/revisions\/66050"}],"wp:featuredmedia":[{"embeddable":true,"href":"https:\/\/www.caririemacao.com\/1\/wp-json\/wp\/v2\/media\/66049"}],"wp:attachment":[{"href":"https:\/\/www.caririemacao.com\/1\/wp-json\/wp\/v2\/media?parent=66048"}],"wp:term":[{"taxonomy":"category","embeddable":true,"href":"https:\/\/www.caririemacao.com\/1\/wp-json\/wp\/v2\/categories?post=66048"},{"taxonomy":"post_tag","embeddable":true,"href":"https:\/\/www.caririemacao.com\/1\/wp-json\/wp\/v2\/tags?post=66048"}],"curies":[{"name":"wp","href":"https:\/\/api.w.org\/{rel}","templated":true}]}}