{"id":66051,"date":"2018-09-25T13:34:39","date_gmt":"2018-09-25T16:34:39","guid":{"rendered":"http:\/\/www.caririemacao.com\/1\/?p=66051"},"modified":"2018-09-25T13:34:39","modified_gmt":"2018-09-25T16:34:39","slug":"atletas-monteirenses-ganham-3-medalhas-no-open-jampa-de-jiu-jitsu","status":"publish","type":"post","link":"https:\/\/www.caririemacao.com\/1\/2018\/09\/25\/atletas-monteirenses-ganham-3-medalhas-no-open-jampa-de-jiu-jitsu\/","title":{"rendered":"Atletas monteirenses ganham 3 medalhas no Open Jampa de Jiu-jitsu"},"content":{"rendered":"<p>Neste domingo (23), a Equipe Monteirense de Jiu-jitsu, Academia KVA- Klayson Veloso, participou na capital paraibana da \u00faltima edi\u00e7\u00e3o do OPEN JAMPA DE JIU-JITSU, um evento que \u00e9 refer\u00eancia para o Jiu-Jitsu paraibano, pois re\u00fane atletas praticantes deste esporte de todo o estado.<br \/>\nA equipe monteirense contou com a participa\u00e7\u00e3o de 7 atletas, que representaram nossa cidade em diversas categorias, conseguindo conquistar 3 medalhas, sendo uma de ouro, na categoria Faixa Azul Pesad\u00edssimo Master, com o atleta Eliomar de Souza, e duas de prata, sendo uma na Categoria Faixa Azul Pesad\u00edssimo Adulto, com o atleta Jos\u00e9 de Sousa Lima J\u00fanior e uma na categoria Faixa Azul Pena, com o atleta Allan Cavalcanti Souza, refor\u00e7ando, assim, o alto n\u00edvel do Jiu-jitsu monteirense, visto que a equipe sempre apresenta bons resultado nos campeonatos que participa.<\/p>\n<p>Em conversa com a nossa equipe de reportagem, os atletas avaliaram positivamente a participa\u00e7\u00e3o no evento, que al\u00e9m de trazer novos ares ao esporte em nossa cidade, permite colocar em teste o n\u00edvel t\u00e9cnico dos nossos atletas, haja vista o alto n\u00edvel dos competidores participantes do evento. Eles reconhecem as dificuldades de participar de campeonatos na cidade de Jo\u00e3o Pessoa, por conta do longo deslocamento at\u00e9 a capital o que, al\u00e9m de desgastante fisicamente, \u00e9 muito dispendioso e acaba impedindo a participa\u00e7\u00e3o da equipe em mais campeonatos.<\/p>\n<p>Por fim, ressaltaram, o pronto apoio da Administra\u00e7\u00e3o Municipal, na pessoa da Prefeita Anna Lorena, algo que foi essencial para a participa\u00e7\u00e3o da equipe no evento, e se mostraram estar muito gratificados por ser poss\u00edvel representar t\u00e3o bem o nome da cidade de Monteiro, configurando nossa cidade como uma refer\u00eancia do Jiu-jitsu na regi\u00e3o do cariri.<\/p>\n<p><img fetchpriority=\"high\" decoding=\"async\" class=\"aligncenter size-full wp-image-10922\" src=\"http:\/\/hora1pb.com.br\/wp-content\/uploads\/2018\/09\/CBF6670D-EFAE-4D02-9CCE-E69AAAC1B052.jpeg\" alt=\"\" width=\"600\" height=\"500\" \/><\/p>\n<p><img decoding=\"async\" class=\"aligncenter size-full wp-image-10923 lazyload\" data-src=\"http:\/\/hora1pb.com.br\/wp-content\/uploads\/2018\/09\/FDBE2483-B9AC-4E6A-A903-B795884897FF.jpeg\" alt=\"\" width=\"600\" height=\"500\" src=\"data:image\/svg+xml;base64,PHN2ZyB3aWR0aD0iMSIgaGVpZ2h0PSIxIiB4bWxucz0iaHR0cDovL3d3dy53My5vcmcvMjAwMC9zdmciPjwvc3ZnPg==\" style=\"--smush-placeholder-width: 600px; --smush-placeholder-aspect-ratio: 600\/500;\" \/><\/p>\n<p>Hora1PB<\/p>\n<p>Cariri em A\u00e7\u00e3o<\/p>\n<p>Leia mais not\u00edcias em\u00a0<a href=\"http:\/\/www.caririemacao.com\/\">caririemacao.com<\/a>, siga nossa p\u00e1gina no\u00a0<a href=\"https:\/\/www.facebook.com\/CaririEmAcao\/?ref=aymt_homepage_panel\">Facebook<\/a>,\u00a0<a href=\"https:\/\/www.instagram.com\/cariri_em_acao\/?hl=pt-br\">Instagram<\/a>\u00a0e\u00a0<a href=\"https:\/\/www.youtube.com\/channel\/UCAptA0jQuYQy8vMhLt2m4qg\">Youtube<\/a>\u00a0e veja nossas mat\u00e9rias, v\u00eddeos e fotos. Voc\u00ea tamb\u00e9m pode enviar informa\u00e7\u00f5es \u00e0 Reda\u00e7\u00e3o do Portal Cariri em A\u00e7\u00e3o pelo WhatsApp (83) 9 9634.5791, (83) 9 9601-1162.<\/p>\n","protected":false},"excerpt":{"rendered":"<p>Neste domingo (23), a Equipe Monteirense de Jiu-jitsu, Academia KVA- Klayson Veloso, participou na capital paraibana da \u00faltima edi\u00e7\u00e3o do OPEN JAMPA DE JIU-JITSU, um&hellip; <\/p>\n","protected":false},"author":1,"featured_media":66052,"comment_status":"closed","ping_status":"closed","sticky":false,"template":"","format":"standard","meta":{"sfsi_plus_gutenberg_text_before_share":"","sfsi_plus_gutenberg_show_text_before_share":"","sfsi_plus_gutenberg_icon_type":"","sfsi_plus_gutenberg_icon_alignemt":"","sfsi_plus_gutenburg_max_per_row":"","footnotes":""},"categories":[13],"tags":[],"class_list":["post-66051","post","type-post","status-publish","format-standard","has-post-thumbnail","hentry","category-esportes"],"_links":{"self":[{"href":"https:\/\/www.caririemacao.com\/1\/wp-json\/wp\/v2\/posts\/66051","targetHints":{"allow":["GET"]}}],"collection":[{"href":"https:\/\/www.caririemacao.com\/1\/wp-json\/wp\/v2\/posts"}],"about":[{"href":"https:\/\/www.caririemacao.com\/1\/wp-json\/wp\/v2\/types\/post"}],"author":[{"embeddable":true,"href":"https:\/\/www.caririemacao.com\/1\/wp-json\/wp\/v2\/users\/1"}],"replies":[{"embeddable":true,"href":"https:\/\/www.caririemacao.com\/1\/wp-json\/wp\/v2\/comments?post=66051"}],"version-history":[{"count":1,"href":"https:\/\/www.caririemacao.com\/1\/wp-json\/wp\/v2\/posts\/66051\/revisions"}],"predecessor-version":[{"id":66053,"href":"https:\/\/www.caririemacao.com\/1\/wp-json\/wp\/v2\/posts\/66051\/revisions\/66053"}],"wp:featuredmedia":[{"embeddable":true,"href":"https:\/\/www.caririemacao.com\/1\/wp-json\/wp\/v2\/media\/66052"}],"wp:attachment":[{"href":"https:\/\/www.caririemacao.com\/1\/wp-json\/wp\/v2\/media?parent=66051"}],"wp:term":[{"taxonomy":"category","embeddable":true,"href":"https:\/\/www.caririemacao.com\/1\/wp-json\/wp\/v2\/categories?post=66051"},{"taxonomy":"post_tag","embeddable":true,"href":"https:\/\/www.caririemacao.com\/1\/wp-json\/wp\/v2\/tags?post=66051"}],"curies":[{"name":"wp","href":"https:\/\/api.w.org\/{rel}","templated":true}]}}