{"id":66054,"date":"2018-09-25T13:40:37","date_gmt":"2018-09-25T16:40:37","guid":{"rendered":"http:\/\/www.caririemacao.com\/1\/?p=66054"},"modified":"2018-09-25T13:40:37","modified_gmt":"2018-09-25T16:40:37","slug":"da-cadeia-cunha-pede-voto-a-filha-voto-como-se-fosse-em-mim","status":"publish","type":"post","link":"https:\/\/www.caririemacao.com\/1\/2018\/09\/25\/da-cadeia-cunha-pede-voto-a-filha-voto-como-se-fosse-em-mim\/","title":{"rendered":"Da cadeia, Cunha pede voto \u00e0 filha: \u201cVoto como se fosse em mim\u201d"},"content":{"rendered":"<p class=\"p1\">O ex-deputado federal Eduardo Cunha (MDB-RJ), que est\u00e1 preso em um complexo m\u00e9dico penal na regi\u00e3o metropolitana de Curitiba (PR), divulgou na segunda-feira (24) uma carta em que pede votos \u00e0 filha,\u00a0Danielle, que tenta uma vaga na C\u00e2mara este ano.<\/p>\n<p class=\"p1\">\u201cPe\u00e7o com muita s\u00faplica o seu voto, como se fosse em mim. Ela, al\u00e9m de ter herdado a minha f\u00e9, \u00e9 mais preparada do que eu e tem os mesmos compromissos de defender as nossas bandeiras e combater o aborto\u201d, diz Cunha no texto, que foi divulgado pelas redes sociais do candidato. Danielle disputa o cargo pelo mesmo partido do pai.<\/p>\n<p class=\"p1\">No documento, Cunha volta a dizer que passa um calv\u00e1rio \u201cpor ter sido o respons\u00e1vel pelo impeachment da Dilma e a retirada do PT do Governo\u201d e relembra sua atua\u00e7\u00e3o parlamentar em defesa de causas conservadoras e de interesses ligados a grupos evang\u00e9licos, como a renova\u00e7\u00e3o da concess\u00e3o da R\u00e1dio Melodia, no Rio de Janeiro.<\/p>\n<p class=\"p1\">Cunha tamb\u00e9m dispara contra um antigo aliado, o deputado estadual Fabio Silva (MDB). O parlamentar \u00e9 filho de Francisco Silva, morto no ano passado e considerado o padrinho pol\u00edtico de Cunha. \u201cApesar da ingratid\u00e3o, oro a Deus para que continue aben\u00e7oando Fabio Silva, filho de Francisco Silva, e que ele possa se reeleger deputado estadual. Certamente ele vai lhe enviar uma carta pedindo voto para outro deputado federal, que deve estar financiando a sua campanha, o que eu n\u00e3o poderia fazer pela minha situa\u00e7\u00e3o atual.\u201d<\/p>\n<p class=\"p1\">Cunha est\u00e1 preso desde 2016, condenado a 15 anos e 4 meses de pris\u00e3o por lavagem de dinheiro, corrup\u00e7\u00e3o passiva e evas\u00e3o de divisas. Ap\u00f3s apela\u00e7\u00e3o, em novembro de 2017, o Tribunal Regional Federal da 4\u00aa Regi\u00e3o (TRF-4) reduziu a pena do ex-deputado para 14 anos e 6 meses.<\/p>\n<p>Cariri em A\u00e7\u00e3o<\/p>\n<p>Leia mais not\u00edcias em\u00a0<a href=\"http:\/\/www.caririemacao.com\/\">caririemacao.com<\/a>, siga nossa p\u00e1gina no\u00a0<a href=\"https:\/\/www.facebook.com\/CaririEmAcao\/?ref=aymt_homepage_panel\">Facebook<\/a>,\u00a0<a href=\"https:\/\/www.instagram.com\/cariri_em_acao\/?hl=pt-br\">Instagram<\/a>\u00a0e\u00a0<a href=\"https:\/\/www.youtube.com\/channel\/UCAptA0jQuYQy8vMhLt2m4qg\">Youtube<\/a>\u00a0e veja nossas mat\u00e9rias, v\u00eddeos e fotos. Voc\u00ea tamb\u00e9m pode enviar informa\u00e7\u00f5es \u00e0 Reda\u00e7\u00e3o do Portal Cariri em A\u00e7\u00e3o pelo WhatsApp (83) 9 9634.5791, (83) 9 9601-1162.<\/p>\n","protected":false},"excerpt":{"rendered":"<p>O ex-deputado federal Eduardo Cunha (MDB-RJ), que est\u00e1 preso em um complexo m\u00e9dico penal na regi\u00e3o metropolitana de Curitiba (PR), divulgou na segunda-feira (24) uma&hellip; <\/p>\n","protected":false},"author":1,"featured_media":13359,"comment_status":"closed","ping_status":"closed","sticky":false,"template":"","format":"standard","meta":{"sfsi_plus_gutenberg_text_before_share":"","sfsi_plus_gutenberg_show_text_before_share":"","sfsi_plus_gutenberg_icon_type":"","sfsi_plus_gutenberg_icon_alignemt":"","sfsi_plus_gutenburg_max_per_row":"","footnotes":""},"categories":[1],"tags":[],"class_list":["post-66054","post","type-post","status-publish","format-standard","has-post-thumbnail","hentry","category-o-site"],"_links":{"self":[{"href":"https:\/\/www.caririemacao.com\/1\/wp-json\/wp\/v2\/posts\/66054","targetHints":{"allow":["GET"]}}],"collection":[{"href":"https:\/\/www.caririemacao.com\/1\/wp-json\/wp\/v2\/posts"}],"about":[{"href":"https:\/\/www.caririemacao.com\/1\/wp-json\/wp\/v2\/types\/post"}],"author":[{"embeddable":true,"href":"https:\/\/www.caririemacao.com\/1\/wp-json\/wp\/v2\/users\/1"}],"replies":[{"embeddable":true,"href":"https:\/\/www.caririemacao.com\/1\/wp-json\/wp\/v2\/comments?post=66054"}],"version-history":[{"count":1,"href":"https:\/\/www.caririemacao.com\/1\/wp-json\/wp\/v2\/posts\/66054\/revisions"}],"predecessor-version":[{"id":66058,"href":"https:\/\/www.caririemacao.com\/1\/wp-json\/wp\/v2\/posts\/66054\/revisions\/66058"}],"wp:featuredmedia":[{"embeddable":true,"href":"https:\/\/www.caririemacao.com\/1\/wp-json\/wp\/v2\/media\/13359"}],"wp:attachment":[{"href":"https:\/\/www.caririemacao.com\/1\/wp-json\/wp\/v2\/media?parent=66054"}],"wp:term":[{"taxonomy":"category","embeddable":true,"href":"https:\/\/www.caririemacao.com\/1\/wp-json\/wp\/v2\/categories?post=66054"},{"taxonomy":"post_tag","embeddable":true,"href":"https:\/\/www.caririemacao.com\/1\/wp-json\/wp\/v2\/tags?post=66054"}],"curies":[{"name":"wp","href":"https:\/\/api.w.org\/{rel}","templated":true}]}}