{"id":66063,"date":"2018-09-25T13:50:47","date_gmt":"2018-09-25T16:50:47","guid":{"rendered":"http:\/\/www.caririemacao.com\/1\/?p=66063"},"modified":"2018-09-25T13:50:47","modified_gmt":"2018-09-25T16:50:47","slug":"presidente-da-al-garante-pauta-em-dia-e-descarta-esforco-concentrado","status":"publish","type":"post","link":"https:\/\/www.caririemacao.com\/1\/2018\/09\/25\/presidente-da-al-garante-pauta-em-dia-e-descarta-esforco-concentrado\/","title":{"rendered":"Presidente da AL garante pauta em dia e descarta esfor\u00e7o concentrado"},"content":{"rendered":"<figure class=\"alignleft\"><a href=\"https:\/\/i1.wp.com\/www.maispb.com.br\/wp-content\/uploads\/2018\/06\/assembleialegislativaparaiba-800x578.jpg?fit=590%2C426\"><img fetchpriority=\"high\" decoding=\"async\" class=\"img-single wp-post-image\" title=\"\" src=\"https:\/\/i1.wp.com\/www.maispb.com.br\/wp-content\/uploads\/2018\/06\/assembleialegislativaparaiba-800x578.jpg?fit=300%2C217\" sizes=\"(max-width: 300px) 100vw, 300px\" srcset=\"https:\/\/i1.wp.com\/www.maispb.com.br\/wp-content\/uploads\/2018\/06\/assembleialegislativaparaiba-800x578.jpg?resize=800%2C578 800w, https:\/\/i1.wp.com\/www.maispb.com.br\/wp-content\/uploads\/2018\/06\/assembleialegislativaparaiba-800x578.jpg?resize=300%2C217 300w, https:\/\/i1.wp.com\/www.maispb.com.br\/wp-content\/uploads\/2018\/06\/assembleialegislativaparaiba-800x578.jpg?resize=200%2C145 200w\" alt=\"\" width=\"300\" height=\"217\" data-attachment-id=\"266062\" data-permalink=\"http:\/\/www.heroncid.com.br\/2018\/06\/09\/sucessao-da-mesa-da-assembleia-ja-comecou\/#new_tab\/assembleialegislativaparaiba-800x578\" data-orig-file=\"https:\/\/i1.wp.com\/www.maispb.com.br\/wp-content\/uploads\/2018\/06\/assembleialegislativaparaiba-800x578.jpg?fit=800%2C578\" data-orig-size=\"800,578\" data-comments-opened=\"0\" data-image-meta=\"{&quot;aperture&quot;:&quot;0&quot;,&quot;credit&quot;:&quot;&quot;,&quot;camera&quot;:&quot;&quot;,&quot;caption&quot;:&quot;&quot;,&quot;created_timestamp&quot;:&quot;0&quot;,&quot;copyright&quot;:&quot;&quot;,&quot;focal_length&quot;:&quot;0&quot;,&quot;iso&quot;:&quot;0&quot;,&quot;shutter_speed&quot;:&quot;0&quot;,&quot;title&quot;:&quot;&quot;,&quot;orientation&quot;:&quot;0&quot;}\" data-image-title=\"assembleialegislativaparaiba-800\u00d7578\" data-image-description=\"\" data-medium-file=\"https:\/\/i1.wp.com\/www.maispb.com.br\/wp-content\/uploads\/2018\/06\/assembleialegislativaparaiba-800x578.jpg?fit=300%2C217\" data-large-file=\"https:\/\/i1.wp.com\/www.maispb.com.br\/wp-content\/uploads\/2018\/06\/assembleialegislativaparaiba-800x578.jpg?fit=590%2C426\" \/><\/a><\/figure>\n<p>Na reta final da campanha, o presidente da Assembleia Legislativa, Gerv\u00e1sio Maia, descartou a convoca\u00e7\u00e3o de esfor\u00e7o concentrado para vota\u00e7\u00e3o de mat\u00e9rias e garantiu que haver\u00e1 sess\u00e3o ordin\u00e1ria na pr\u00f3xima semana, apesar da baixa assiduidade dos parlamentes.\u00a0Ele ainda afirmou, nesta ter\u00e7a-feira (25), que n\u00e3o defender\u00e1 aumento salarial para os parlamentares, o que \u00e9 aplicado a cada final de legislatura.<\/p>\n<p>No dia escolhido para vota\u00e7\u00e3o, n\u00e3o houve aprecia\u00e7\u00e3o em plen\u00e1rio, pela segunda semana consecutiva. \u201cFizemos um acordo de l\u00edderes e esse acordo foi cumprido tanto pelos deputados de situa\u00e7\u00e3o quanto de oposi\u00e7\u00e3o. A pauta est\u00e1 rigorosamente em dia e o per\u00edodo exige muito de n\u00f3s. O tempo inteiro, principalmente para deputados que visitam munic\u00edpios. As atividades n\u00e3o se restringem ao pr\u00e9dio da Assembleia\u201d, avaliou.<\/p>\n<p>Para o presidente, n\u00e3o seria necess\u00e1rio convocar um esfor\u00e7o concentrado j\u00e1 que n\u00e3o existem mat\u00e9rias legislativas pendentes de aprecia\u00e7\u00e3o. \u201cO dever de casa est\u00e1 sendo rigorosamente cumprido\u201d, assegurou.<\/p>\n<p>Maia ainda afirmou ser contra o aumento no subs\u00eddio dos parlamentares, em virtude do momento econ\u00f4mico que o pa\u00eds enfrenta. \u201cN\u00e3o \u00e9 hora de se tratar de aumento de parlamentar\u201d, afirmou.<\/p>\n<p>O deputado estadual Branco Mendes afirmou que mesmo que n\u00e3o seja poss\u00edvel realizar sess\u00e3o na pr\u00f3xima semana, no dia 9 de outubro todos os deputados estar\u00e3o na Casa para os trabalhos legislativos. \u201cTrabalhando como devemos trabalhar\u201d, afirmou.<\/p>\n<p>MaisPB<\/p>\n<p>Cariri em A\u00e7\u00e3o<\/p>\n<p>Leia mais not\u00edcias em\u00a0<a href=\"http:\/\/www.caririemacao.com\/\">caririemacao.com<\/a>, siga nossa p\u00e1gina no\u00a0<a href=\"https:\/\/www.facebook.com\/CaririEmAcao\/?ref=aymt_homepage_panel\">Facebook<\/a>,\u00a0<a href=\"https:\/\/www.instagram.com\/cariri_em_acao\/?hl=pt-br\">Instagram<\/a>\u00a0e\u00a0<a href=\"https:\/\/www.youtube.com\/channel\/UCAptA0jQuYQy8vMhLt2m4qg\">Youtube<\/a>\u00a0e veja nossas mat\u00e9rias, v\u00eddeos e fotos. Voc\u00ea tamb\u00e9m pode enviar informa\u00e7\u00f5es \u00e0 Reda\u00e7\u00e3o do Portal Cariri em A\u00e7\u00e3o pelo WhatsApp (83) 9 9634.5791, (83) 9 9601-1162.<\/p>\n","protected":false},"excerpt":{"rendered":"<p>Na reta final da campanha, o presidente da Assembleia Legislativa, Gerv\u00e1sio Maia, descartou a convoca\u00e7\u00e3o de esfor\u00e7o concentrado para vota\u00e7\u00e3o de mat\u00e9rias e garantiu que&hellip; <\/p>\n","protected":false},"author":1,"featured_media":66064,"comment_status":"closed","ping_status":"closed","sticky":false,"template":"","format":"standard","meta":{"sfsi_plus_gutenberg_text_before_share":"","sfsi_plus_gutenberg_show_text_before_share":"","sfsi_plus_gutenberg_icon_type":"","sfsi_plus_gutenberg_icon_alignemt":"","sfsi_plus_gutenburg_max_per_row":"","footnotes":""},"categories":[11],"tags":[],"class_list":["post-66063","post","type-post","status-publish","format-standard","has-post-thumbnail","hentry","category-politica"],"_links":{"self":[{"href":"https:\/\/www.caririemacao.com\/1\/wp-json\/wp\/v2\/posts\/66063","targetHints":{"allow":["GET"]}}],"collection":[{"href":"https:\/\/www.caririemacao.com\/1\/wp-json\/wp\/v2\/posts"}],"about":[{"href":"https:\/\/www.caririemacao.com\/1\/wp-json\/wp\/v2\/types\/post"}],"author":[{"embeddable":true,"href":"https:\/\/www.caririemacao.com\/1\/wp-json\/wp\/v2\/users\/1"}],"replies":[{"embeddable":true,"href":"https:\/\/www.caririemacao.com\/1\/wp-json\/wp\/v2\/comments?post=66063"}],"version-history":[{"count":1,"href":"https:\/\/www.caririemacao.com\/1\/wp-json\/wp\/v2\/posts\/66063\/revisions"}],"predecessor-version":[{"id":66065,"href":"https:\/\/www.caririemacao.com\/1\/wp-json\/wp\/v2\/posts\/66063\/revisions\/66065"}],"wp:featuredmedia":[{"embeddable":true,"href":"https:\/\/www.caririemacao.com\/1\/wp-json\/wp\/v2\/media\/66064"}],"wp:attachment":[{"href":"https:\/\/www.caririemacao.com\/1\/wp-json\/wp\/v2\/media?parent=66063"}],"wp:term":[{"taxonomy":"category","embeddable":true,"href":"https:\/\/www.caririemacao.com\/1\/wp-json\/wp\/v2\/categories?post=66063"},{"taxonomy":"post_tag","embeddable":true,"href":"https:\/\/www.caririemacao.com\/1\/wp-json\/wp\/v2\/tags?post=66063"}],"curies":[{"name":"wp","href":"https:\/\/api.w.org\/{rel}","templated":true}]}}