{"id":66066,"date":"2018-09-25T13:56:14","date_gmt":"2018-09-25T16:56:14","guid":{"rendered":"http:\/\/www.caririemacao.com\/1\/?p=66066"},"modified":"2018-09-25T13:56:14","modified_gmt":"2018-09-25T16:56:14","slug":"conselho-entregara-a-candidatos-proposta-para-impulsionar-economia","status":"publish","type":"post","link":"https:\/\/www.caririemacao.com\/1\/2018\/09\/25\/conselho-entregara-a-candidatos-proposta-para-impulsionar-economia\/","title":{"rendered":"Conselho entregar\u00e1 a candidatos proposta para impulsionar economia"},"content":{"rendered":"<p>O Conselho Regional de\u00a0 Economia da Para\u00edba (Corecon-PB) apresentou nesta ter\u00e7a-feira (25) um documento que mostra problemas que travam a economia do estado e as propostas para solucionar transtornos. O documento deve ser entregue aos candidatos que disputam o Governo do Estado.\u00a0<a href=\"http:\/\/www.maispb.com.br\/wp-content\/uploads\/2018\/09\/Para%C3%ADba-Desafios-ao-Desenvolvimento-Final.pdf\">Confira<\/a><\/p>\n<p>Intitulado como \u201cPara\u00edba: Desafios ao Desenvolvimento. Documento B\u00e1sico\u201d,\u00a0 o material foi produzido por economistas, especialistas, empres\u00e1rios, e em parceria com \u00f3rg\u00e3os.\u00a0 O professor e economista R\u00f4mulo Polari coordenou os estudos e garante que o documento serve para direcionar os projetos para o pr\u00f3ximo Governo.<\/p>\n<p>Segundo ele, a proposta \u00e9 apartid\u00e1ria e tamb\u00e9m vai ser disponibilizada para a sociedade. Fatores econ\u00f4micos, sociais, de infra-estrutura foram estudados pelo grupo de profissionais.<\/p>\n<p>Entre as solu\u00e7\u00f5es, o professor cita o aumento da ind\u00fastria no estado, o fortalecimento do setor tur\u00edstico e hoteleiro, a cria\u00e7\u00e3o de novos distritos industriais no Sert\u00e3o e na regi\u00e3o da Borborema e um aproveitamento melhor da capacidade cient\u00edfica e tecnol\u00f3gica das universidades.<\/p>\n<p>O presidente do Corecon-PB e participante do estudo, Celso Mangueira aponta como necess\u00e1ria a melhoria na situa\u00e7\u00e3o dos aeroportos, do porto mar\u00edtimo de Cabedelo. Ao\u00a0<strong>Portal MaisPB<\/strong>, ele citou a aus\u00eancia de ferrovias que conectem as regi\u00f5es do estado e defendeu a cria\u00e7\u00e3o de rodovias que facilitar\u00e3o a log\u00edstica no estado e v\u00e3o gerar emprego.<\/p>\n<p>O economista e presidente da Associa\u00e7\u00e3o Comercial, Rafael Bernardino, argumenta que tamb\u00e9m \u00e9 necess\u00e1rio o sociativismo e uni\u00e3o dos empres\u00e1rios para o aumento do progresso.<\/p>\n<p>Com a entrega do documento, o grupo aguarda a implanta\u00e7\u00e3o das propostas e a aten\u00e7\u00e3o dos candidatos para as ideais e levantamentos feitos.<\/p>\n<p>MaisPB<\/p>\n<p>Cariri em A\u00e7\u00e3o<\/p>\n<p>Leia mais not\u00edcias em\u00a0<a href=\"http:\/\/www.caririemacao.com\/\">caririemacao.com<\/a>, siga nossa p\u00e1gina no\u00a0<a href=\"https:\/\/www.facebook.com\/CaririEmAcao\/?ref=aymt_homepage_panel\">Facebook<\/a>,\u00a0<a href=\"https:\/\/www.instagram.com\/cariri_em_acao\/?hl=pt-br\">Instagram<\/a>\u00a0e\u00a0<a href=\"https:\/\/www.youtube.com\/channel\/UCAptA0jQuYQy8vMhLt2m4qg\">Youtube<\/a>\u00a0e veja nossas mat\u00e9rias, v\u00eddeos e fotos. Voc\u00ea tamb\u00e9m pode enviar informa\u00e7\u00f5es \u00e0 Reda\u00e7\u00e3o do Portal Cariri em A\u00e7\u00e3o pelo WhatsApp (83) 9 9634.5791, (83) 9 9601-1162.<\/p>\n","protected":false},"excerpt":{"rendered":"<p>O Conselho Regional de\u00a0 Economia da Para\u00edba (Corecon-PB) apresentou nesta ter\u00e7a-feira (25) um documento que mostra problemas que travam a economia do estado e as&hellip; <\/p>\n","protected":false},"author":1,"featured_media":66067,"comment_status":"closed","ping_status":"closed","sticky":false,"template":"","format":"standard","meta":{"sfsi_plus_gutenberg_text_before_share":"","sfsi_plus_gutenberg_show_text_before_share":"","sfsi_plus_gutenberg_icon_type":"","sfsi_plus_gutenberg_icon_alignemt":"","sfsi_plus_gutenburg_max_per_row":"","footnotes":""},"categories":[11],"tags":[],"class_list":["post-66066","post","type-post","status-publish","format-standard","has-post-thumbnail","hentry","category-politica"],"_links":{"self":[{"href":"https:\/\/www.caririemacao.com\/1\/wp-json\/wp\/v2\/posts\/66066","targetHints":{"allow":["GET"]}}],"collection":[{"href":"https:\/\/www.caririemacao.com\/1\/wp-json\/wp\/v2\/posts"}],"about":[{"href":"https:\/\/www.caririemacao.com\/1\/wp-json\/wp\/v2\/types\/post"}],"author":[{"embeddable":true,"href":"https:\/\/www.caririemacao.com\/1\/wp-json\/wp\/v2\/users\/1"}],"replies":[{"embeddable":true,"href":"https:\/\/www.caririemacao.com\/1\/wp-json\/wp\/v2\/comments?post=66066"}],"version-history":[{"count":1,"href":"https:\/\/www.caririemacao.com\/1\/wp-json\/wp\/v2\/posts\/66066\/revisions"}],"predecessor-version":[{"id":66068,"href":"https:\/\/www.caririemacao.com\/1\/wp-json\/wp\/v2\/posts\/66066\/revisions\/66068"}],"wp:featuredmedia":[{"embeddable":true,"href":"https:\/\/www.caririemacao.com\/1\/wp-json\/wp\/v2\/media\/66067"}],"wp:attachment":[{"href":"https:\/\/www.caririemacao.com\/1\/wp-json\/wp\/v2\/media?parent=66066"}],"wp:term":[{"taxonomy":"category","embeddable":true,"href":"https:\/\/www.caririemacao.com\/1\/wp-json\/wp\/v2\/categories?post=66066"},{"taxonomy":"post_tag","embeddable":true,"href":"https:\/\/www.caririemacao.com\/1\/wp-json\/wp\/v2\/tags?post=66066"}],"curies":[{"name":"wp","href":"https:\/\/api.w.org\/{rel}","templated":true}]}}