{"id":66074,"date":"2018-09-25T14:11:43","date_gmt":"2018-09-25T17:11:43","guid":{"rendered":"http:\/\/www.caririemacao.com\/1\/?p=66074"},"modified":"2018-09-25T14:11:43","modified_gmt":"2018-09-25T17:11:43","slug":"temer-e-ausencia-no-jantar-oferecido-por-trump-a-lideres-em-nova-york","status":"publish","type":"post","link":"https:\/\/www.caririemacao.com\/1\/2018\/09\/25\/temer-e-ausencia-no-jantar-oferecido-por-trump-a-lideres-em-nova-york\/","title":{"rendered":"Temer \u00e9 aus\u00eancia no jantar oferecido por Trump a l\u00edderes em Nova York"},"content":{"rendered":"<p class=\"p1\">O tradicional jantar oferecido pelo presidente americano em Nova York\u00a0na noite desta segunda-feira (24) em homenagem aos l\u00edderes mundiais que participam da Assembleia-Geral da ONU tem na lista nomes como o do argentino Mauricio Macri e, entre as aus\u00eancias confirmadas, a de Michel Temer.<\/p>\n<p class=\"p3\">\u00c0\u00a0Folha, o Itamaraty disse que n\u00e3o havia previs\u00e3o de que Temer participasse do jantar oferecido pelo republicano Donald Trump, sobre o qual h\u00e1 poucos detalhes conhecidos.<\/p>\n<p class=\"p3\">Questionada sobre se a aus\u00eancia era fruto da<span class=\"s1\">\u00a0corrida agenda do brasileiro<\/span>\u00a0\u2014Temer fica menos de 48 horas em Nova York\u2014, a Chancelaria se limitou a repetir que \u201cn\u00e3o est\u00e1 previsto jantar com o Trump.\u201d<\/p>\n<p class=\"p3\">A recep\u00e7\u00e3o \u00e9 realizada no Lotte New York Palace Hotel, perto do Rockfeller Center, em Nova York. Trump e a primeira-dama, Melania, recebem chefes de Estado e de governo no local. A participa\u00e7\u00e3o de Macri estava\u00a0na agenda oficial divulgada pelo argentino.<\/p>\n<p class=\"p3\"><span class=\"s1\">No ano passado<\/span>, Temer estava entre os convidados para o evento, ao lado do ent\u00e3o presidente colombiano, Juan Manuel Santos, do panamenho Juan Carlos Varela (Panam\u00e1) e da vice-presidente da Argentina, Gabriela Michetti.<\/p>\n<p class=\"p3\">\u00c0 \u00e9poca, Temer<span class=\"s1\">\u00a0disse ter debatido com o americano<\/span>\u00a0e os demais l\u00edderes presentes o problema enfrentado pelos refugiados venezuelanos. Ao chegar ao evento, foi recebido por protestos de um grupo de dez pessoas.<\/p>\n<p class=\"p3\">No domingo (23), outro jantar oferecido por Trump, desta vez ao premi\u00ea japon\u00eas, Shinzo Abe, gerou controv\u00e9rsia. O presidente e Abe jantaram na Trump Tower, em um encontro que durou duas horas e meia.<\/p>\n<p class=\"p3\">Eles debateram temas como com\u00e9rcio bilateral e Coreia do Norte. Mas muitos cr\u00edticos questionaram a escolha do local, em detrimento da Casa Branca.<\/p>\n<p class=\"p3\">Em tu\u00edte, um internauta perguntou: \u201cEnt\u00e3o h\u00e1 um jantar oficial de Estado sendo conduzido em uma propriedade de Trump ou um jantar privado sendo conduzido por um presidente em seu local de neg\u00f3cios? \u00c9 um problema, em qualquer caso.\u201d<\/p>\n<p>Blog do Gordinho<\/p>\n<p>&nbsp;<\/p>\n<p>Cariri em A\u00e7\u00e3o<\/p>\n<p>Leia mais not\u00edcias em\u00a0<a href=\"http:\/\/www.caririemacao.com\/\">caririemacao.com<\/a>, siga nossa p\u00e1gina no\u00a0<a href=\"https:\/\/www.facebook.com\/CaririEmAcao\/?ref=aymt_homepage_panel\">Facebook<\/a>,\u00a0<a href=\"https:\/\/www.instagram.com\/cariri_em_acao\/?hl=pt-br\">Instagram<\/a>\u00a0e\u00a0<a href=\"https:\/\/www.youtube.com\/channel\/UCAptA0jQuYQy8vMhLt2m4qg\">Youtube<\/a>\u00a0e veja nossas mat\u00e9rias, v\u00eddeos e fotos. Voc\u00ea tamb\u00e9m pode enviar informa\u00e7\u00f5es \u00e0 Reda\u00e7\u00e3o do Portal Cariri em A\u00e7\u00e3o pelo WhatsApp (83) 9 9634.5791, (83) 9 9601-1162.<\/p>\n","protected":false},"excerpt":{"rendered":"<p>O tradicional jantar oferecido pelo presidente americano em Nova York\u00a0na noite desta segunda-feira (24) em homenagem aos l\u00edderes mundiais que participam da Assembleia-Geral da ONU&hellip; <\/p>\n","protected":false},"author":1,"featured_media":66075,"comment_status":"closed","ping_status":"closed","sticky":false,"template":"","format":"standard","meta":{"sfsi_plus_gutenberg_text_before_share":"","sfsi_plus_gutenberg_show_text_before_share":"","sfsi_plus_gutenberg_icon_type":"","sfsi_plus_gutenberg_icon_alignemt":"","sfsi_plus_gutenburg_max_per_row":"","footnotes":""},"categories":[11],"tags":[],"class_list":["post-66074","post","type-post","status-publish","format-standard","has-post-thumbnail","hentry","category-politica"],"_links":{"self":[{"href":"https:\/\/www.caririemacao.com\/1\/wp-json\/wp\/v2\/posts\/66074","targetHints":{"allow":["GET"]}}],"collection":[{"href":"https:\/\/www.caririemacao.com\/1\/wp-json\/wp\/v2\/posts"}],"about":[{"href":"https:\/\/www.caririemacao.com\/1\/wp-json\/wp\/v2\/types\/post"}],"author":[{"embeddable":true,"href":"https:\/\/www.caririemacao.com\/1\/wp-json\/wp\/v2\/users\/1"}],"replies":[{"embeddable":true,"href":"https:\/\/www.caririemacao.com\/1\/wp-json\/wp\/v2\/comments?post=66074"}],"version-history":[{"count":1,"href":"https:\/\/www.caririemacao.com\/1\/wp-json\/wp\/v2\/posts\/66074\/revisions"}],"predecessor-version":[{"id":66076,"href":"https:\/\/www.caririemacao.com\/1\/wp-json\/wp\/v2\/posts\/66074\/revisions\/66076"}],"wp:featuredmedia":[{"embeddable":true,"href":"https:\/\/www.caririemacao.com\/1\/wp-json\/wp\/v2\/media\/66075"}],"wp:attachment":[{"href":"https:\/\/www.caririemacao.com\/1\/wp-json\/wp\/v2\/media?parent=66074"}],"wp:term":[{"taxonomy":"category","embeddable":true,"href":"https:\/\/www.caririemacao.com\/1\/wp-json\/wp\/v2\/categories?post=66074"},{"taxonomy":"post_tag","embeddable":true,"href":"https:\/\/www.caririemacao.com\/1\/wp-json\/wp\/v2\/tags?post=66074"}],"curies":[{"name":"wp","href":"https:\/\/api.w.org\/{rel}","templated":true}]}}