{"id":66077,"date":"2018-09-25T14:15:17","date_gmt":"2018-09-25T17:15:17","guid":{"rendered":"http:\/\/www.caririemacao.com\/1\/?p=66077"},"modified":"2018-09-25T14:15:17","modified_gmt":"2018-09-25T17:15:17","slug":"pf-abre-segundo-inquerito-para-apurar-atentado-contra-bolsonaro","status":"publish","type":"post","link":"https:\/\/www.caririemacao.com\/1\/2018\/09\/25\/pf-abre-segundo-inquerito-para-apurar-atentado-contra-bolsonaro\/","title":{"rendered":"PF abre segundo inqu\u00e9rito para apurar atentado contra Bolsonaro"},"content":{"rendered":"<p>A Pol\u00edcia Federal instaurou na manh\u00e3 desta ter\u00e7a-feira (25) o segundo inqu\u00e9rito que tem como objetivo dar continuidade \u00e0s investiga\u00e7\u00f5es e apurar a participa\u00e7\u00e3o de outras pessoas no ataque contra o candidato \u00e0 Presid\u00eancia da Rep\u00fablica pelo PSL, Jair Bolsonaro, no in\u00edcio deste m\u00eas, em Juiz de Fora, na Zona da Mata Mineira.<\/p>\n<p>De acordo com o delegado Regional de Combate ao Crime Organizado de Minas Gerais Rodrigo Morais, ser\u00e1 investigado tamb\u00e9m o poss\u00edvel envolvimento de uma organiza\u00e7\u00e3o criminosa no atentado. \u201cVamos apurar se Ad\u00e9lio tem alguma conex\u00e3o com algum grupo ou organiza\u00e7\u00e3o criminosa\u201d, informou.<\/p>\n<p>No entanto, o delegado Rodrigo Morais afirmou, em entrevista \u00e0 TV Globo, que todas as informa\u00e7\u00f5es e dados colhidos at\u00e9 o momento sustentam que Ad\u00e9lio Bispo de Oliveira n\u00e3o teve ajuda de ningu\u00e9m na hora da agress\u00e3o.<\/p>\n<p>O atentado contra Bolsonaro ocorreu no \u00faltimo dia 6 durante uma caminhada que ele realizava com simpatizantes de sua campanha em uma das ruas do centro de Juiz de Fora. O presidenci\u00e1vel levou uma facada na regi\u00e3o abdominal enquanto era carregado nos ombros por um apoiador.<\/p>\n<p>O agressor, Ad\u00e9lio Bispo de Oliveira, foi preso em flagrante ap\u00f3s a ataque. A Pol\u00edcia Federal abriu o primeiro inqu\u00e9rito no mesmo dia para investigar o caso. Oliveira disse que o atentado contra Bolsonaro foi \u201ca mando de Deus\u201d, segundo boletim de ocorr\u00eancia registrado pela Pol\u00edcia Civil mineira.<\/p>\n<p>Segundo o delegado que preside o inqu\u00e9rito, tudo que foi extra\u00eddo do material apreendido em posse do agressor Ad\u00e9lio Bispo de Oliveira \u2013 um notebook, quatro aparelhos celulares e documentos, al\u00e9m de seis computadores de uma lan house \u2013, continua sendo minuciosamente processado e analisado.<\/p>\n<p>\u201cElementos importantes foram encontrados no material apreendido, como agenda de contatos, troca de telefonemas e mensagens via aplicativos nos dias que antecederam o atentado, o que motiva a investiga\u00e7\u00e3o de novos suspeitos. Em um dos celulares que Ad\u00e9lio Bispo utilizava para navegar na internet detectamos que ele buscava na m\u00eddia informa\u00e7\u00f5es relacionadas ao presidenci\u00e1vel Jair Bolsonaro\u201d, afirmou Morais.<\/p>\n<p>A PF agora pretende investigar pelo menos os \u00faltimos dois anos da vida de Ad\u00e9lio Bispo. O objetivo \u00e9 tentar identificar se houve um mandante ou pessoas que tenham incentivado o autor a atacar o candidato \u00e0 presid\u00eancia da Rep\u00fablica.<\/p>\n<p>J\u00e1 o primeiro inqu\u00e9rito relacionado \u00e0 conduta de Ad\u00e9lio Bispo deve ser conclu\u00eddo at\u00e9 sexta-feira (28). \u201cSe no futuro for identificado a participa\u00e7\u00e3o de Ad\u00e9lio em alguma organiza\u00e7\u00e3o criminosa, ele tamb\u00e9m responder\u00e1 por esse crime\u201d, destacou o delegado Rodrigo Morais.<\/p>\n<p>O agressor de Bolsonaro foi indiciado no dia 7 pela PF pelo crime de \u201catentado pessoal por inconformismo pol\u00edtico\u201d com base no artigo 20 da Lei de Seguran\u00e7a Nacional.<\/p>\n<p><strong>Recupera\u00e7\u00e3o em hospital<\/strong><\/p>\n<p>Bolsonaro tem boa aceita\u00e7\u00e3o \u00e0 \u201cdieta leve\u201d que come\u00e7ou neste domingo e mant\u00e9m \u201cboa evolu\u00e7\u00e3o cl\u00ednica\u201d, diz o \u00faltimo boletim m\u00e9dico divulgado na tarde de segunda pelo hospital.<\/p>\n<p>O documento afirma que \u201co paciente evolui com melhora cl\u00ednica progressiva\u201d e que ele segue \u201ccom recupera\u00e7\u00e3o dos movimentos intestinais, recebendo dieta pastosa em associa\u00e7\u00e3o \u00e0 nutri\u00e7\u00e3o parenteral\u201d.<\/p>\n<p>Blog do Gordinho<\/p>\n<p>Cariri em A\u00e7\u00e3o<\/p>\n<p>Leia mais not\u00edcias em\u00a0<a href=\"http:\/\/www.caririemacao.com\/\">caririemacao.com<\/a>, siga nossa p\u00e1gina no\u00a0<a href=\"https:\/\/www.facebook.com\/CaririEmAcao\/?ref=aymt_homepage_panel\">Facebook<\/a>,\u00a0<a href=\"https:\/\/www.instagram.com\/cariri_em_acao\/?hl=pt-br\">Instagram<\/a>\u00a0e\u00a0<a href=\"https:\/\/www.youtube.com\/channel\/UCAptA0jQuYQy8vMhLt2m4qg\">Youtube<\/a>\u00a0e veja nossas mat\u00e9rias, v\u00eddeos e fotos. Voc\u00ea tamb\u00e9m pode enviar informa\u00e7\u00f5es \u00e0 Reda\u00e7\u00e3o do Portal Cariri em A\u00e7\u00e3o pelo WhatsApp (83) 9 9634.5791, (83) 9 9601-1162.<\/p>\n","protected":false},"excerpt":{"rendered":"<p>A Pol\u00edcia Federal instaurou na manh\u00e3 desta ter\u00e7a-feira (25) o segundo inqu\u00e9rito que tem como objetivo dar continuidade \u00e0s investiga\u00e7\u00f5es e apurar a participa\u00e7\u00e3o de&hellip; <\/p>\n","protected":false},"author":1,"featured_media":66078,"comment_status":"closed","ping_status":"closed","sticky":false,"template":"","format":"standard","meta":{"sfsi_plus_gutenberg_text_before_share":"","sfsi_plus_gutenberg_show_text_before_share":"","sfsi_plus_gutenberg_icon_type":"","sfsi_plus_gutenberg_icon_alignemt":"","sfsi_plus_gutenburg_max_per_row":"","footnotes":""},"categories":[12],"tags":[],"class_list":["post-66077","post","type-post","status-publish","format-standard","has-post-thumbnail","hentry","category-policia"],"_links":{"self":[{"href":"https:\/\/www.caririemacao.com\/1\/wp-json\/wp\/v2\/posts\/66077","targetHints":{"allow":["GET"]}}],"collection":[{"href":"https:\/\/www.caririemacao.com\/1\/wp-json\/wp\/v2\/posts"}],"about":[{"href":"https:\/\/www.caririemacao.com\/1\/wp-json\/wp\/v2\/types\/post"}],"author":[{"embeddable":true,"href":"https:\/\/www.caririemacao.com\/1\/wp-json\/wp\/v2\/users\/1"}],"replies":[{"embeddable":true,"href":"https:\/\/www.caririemacao.com\/1\/wp-json\/wp\/v2\/comments?post=66077"}],"version-history":[{"count":1,"href":"https:\/\/www.caririemacao.com\/1\/wp-json\/wp\/v2\/posts\/66077\/revisions"}],"predecessor-version":[{"id":66079,"href":"https:\/\/www.caririemacao.com\/1\/wp-json\/wp\/v2\/posts\/66077\/revisions\/66079"}],"wp:featuredmedia":[{"embeddable":true,"href":"https:\/\/www.caririemacao.com\/1\/wp-json\/wp\/v2\/media\/66078"}],"wp:attachment":[{"href":"https:\/\/www.caririemacao.com\/1\/wp-json\/wp\/v2\/media?parent=66077"}],"wp:term":[{"taxonomy":"category","embeddable":true,"href":"https:\/\/www.caririemacao.com\/1\/wp-json\/wp\/v2\/categories?post=66077"},{"taxonomy":"post_tag","embeddable":true,"href":"https:\/\/www.caririemacao.com\/1\/wp-json\/wp\/v2\/tags?post=66077"}],"curies":[{"name":"wp","href":"https:\/\/api.w.org\/{rel}","templated":true}]}}