{"id":66080,"date":"2018-09-25T14:21:12","date_gmt":"2018-09-25T17:21:12","guid":{"rendered":"http:\/\/www.caririemacao.com\/1\/?p=66080"},"modified":"2018-09-25T14:21:12","modified_gmt":"2018-09-25T17:21:12","slug":"nova-esa-lancara-edital-para-selecionar-advogados-que-desejam-atuar-como-professores","status":"publish","type":"post","link":"https:\/\/www.caririemacao.com\/1\/2018\/09\/25\/nova-esa-lancara-edital-para-selecionar-advogados-que-desejam-atuar-como-professores\/","title":{"rendered":"Nova ESA lan\u00e7ar\u00e1 edital para selecionar advogados que desejam atuar como professores"},"content":{"rendered":"<p>O diretor geral da Nova Escola Superior da Advocacia (ESA-PB) da Ordem dos Advogados do Brasil, Seccional Para\u00edba (OAB-PB), Otto Cruz, revelou, nessa ter\u00e7a-feira (25), que a ESA-PB ir\u00e1 lan\u00e7ar, nos pr\u00f3ximos dias, um edital convocando advogados a participarem de sele\u00e7\u00e3o para professores da Escola e, assim, iniciarem na carreira docente.<\/p>\n<p>Otto Cruz ressalta que o objetivo da escola com a medida \u00e9 oportunizar aos advogados que desejam enveredar na vida acad\u00eamica a possibilidade de ministrarem cursos, mediante apresenta\u00e7\u00e3o de projeto e an\u00e1lise de crit\u00e9rios objetivos por parte da diretoria da Nova ESA.<\/p>\n<p>\u201cIsso \u00e9 uma forma de fomentar a profiss\u00e3o, ajudar advogados que queiram iniciar na doc\u00eancia, criando uma rela\u00e7\u00e3o de impessoalidade com a Institui\u00e7\u00e3o\u201d, afirmou o diretor geral da Nova ESA.<\/p>\n<p>Cariri em A\u00e7\u00e3o<\/p>\n<p>Leia mais not\u00edcias em\u00a0<a href=\"http:\/\/www.caririemacao.com\/\">caririemacao.com<\/a>, siga nossa p\u00e1gina no\u00a0<a href=\"https:\/\/www.facebook.com\/CaririEmAcao\/?ref=aymt_homepage_panel\">Facebook<\/a>,\u00a0<a href=\"https:\/\/www.instagram.com\/cariri_em_acao\/?hl=pt-br\">Instagram<\/a>\u00a0e\u00a0<a href=\"https:\/\/www.youtube.com\/channel\/UCAptA0jQuYQy8vMhLt2m4qg\">Youtube<\/a>\u00a0e veja nossas mat\u00e9rias, v\u00eddeos e fotos. Voc\u00ea tamb\u00e9m pode enviar informa\u00e7\u00f5es \u00e0 Reda\u00e7\u00e3o do Portal Cariri em A\u00e7\u00e3o pelo WhatsApp (83) 9 9634.5791, (83) 9 9601-1162.<\/p>\n","protected":false},"excerpt":{"rendered":"<p>O diretor geral da Nova Escola Superior da Advocacia (ESA-PB) da Ordem dos Advogados do Brasil, Seccional Para\u00edba (OAB-PB), Otto Cruz, revelou, nessa ter\u00e7a-feira (25),&hellip; <\/p>\n","protected":false},"author":1,"featured_media":66082,"comment_status":"closed","ping_status":"closed","sticky":false,"template":"","format":"standard","meta":{"sfsi_plus_gutenberg_text_before_share":"","sfsi_plus_gutenberg_show_text_before_share":"","sfsi_plus_gutenberg_icon_type":"","sfsi_plus_gutenberg_icon_alignemt":"","sfsi_plus_gutenburg_max_per_row":"","footnotes":""},"categories":[2],"tags":[],"class_list":["post-66080","post","type-post","status-publish","format-standard","has-post-thumbnail","hentry","category-geral"],"_links":{"self":[{"href":"https:\/\/www.caririemacao.com\/1\/wp-json\/wp\/v2\/posts\/66080","targetHints":{"allow":["GET"]}}],"collection":[{"href":"https:\/\/www.caririemacao.com\/1\/wp-json\/wp\/v2\/posts"}],"about":[{"href":"https:\/\/www.caririemacao.com\/1\/wp-json\/wp\/v2\/types\/post"}],"author":[{"embeddable":true,"href":"https:\/\/www.caririemacao.com\/1\/wp-json\/wp\/v2\/users\/1"}],"replies":[{"embeddable":true,"href":"https:\/\/www.caririemacao.com\/1\/wp-json\/wp\/v2\/comments?post=66080"}],"version-history":[{"count":1,"href":"https:\/\/www.caririemacao.com\/1\/wp-json\/wp\/v2\/posts\/66080\/revisions"}],"predecessor-version":[{"id":66083,"href":"https:\/\/www.caririemacao.com\/1\/wp-json\/wp\/v2\/posts\/66080\/revisions\/66083"}],"wp:featuredmedia":[{"embeddable":true,"href":"https:\/\/www.caririemacao.com\/1\/wp-json\/wp\/v2\/media\/66082"}],"wp:attachment":[{"href":"https:\/\/www.caririemacao.com\/1\/wp-json\/wp\/v2\/media?parent=66080"}],"wp:term":[{"taxonomy":"category","embeddable":true,"href":"https:\/\/www.caririemacao.com\/1\/wp-json\/wp\/v2\/categories?post=66080"},{"taxonomy":"post_tag","embeddable":true,"href":"https:\/\/www.caririemacao.com\/1\/wp-json\/wp\/v2\/tags?post=66080"}],"curies":[{"name":"wp","href":"https:\/\/api.w.org\/{rel}","templated":true}]}}