{"id":66095,"date":"2018-09-25T18:22:28","date_gmt":"2018-09-25T21:22:28","guid":{"rendered":"http:\/\/www.caririemacao.com\/1\/?p=66095"},"modified":"2018-09-25T18:22:28","modified_gmt":"2018-09-25T21:22:28","slug":"homem-sofre-acidente-na-br-412","status":"publish","type":"post","link":"https:\/\/www.caririemacao.com\/1\/2018\/09\/25\/homem-sofre-acidente-na-br-412\/","title":{"rendered":"Homem sofre acidente na BR 412"},"content":{"rendered":"<p>Um homem natural do munic\u00edpio de Sum\u00e9, identificado como Alexandre Em\u00eddio, conhecido popularmente como Tam, sofreu um acidente pr\u00f3ximo a entrada da Prata na BR 412, que fica localizada entre os munic\u00edpios de Sum\u00e9 a Monteiro.<\/p>\n<p>Tam \u00a0foi levado para o Hospital de Sum\u00e9 onde chegou consciente e teve fratura no bra\u00e7o esquerdo e sentindo fortes dores na coluna.<\/p>\n<p>Ap\u00f3s receber cuidados m\u00e9dicos, Alexandre, foi encaminhado para Hospital de Trauma de Campina Grande.<\/p>\n<p><em><strong>Reda\u00e7\u00e3o\u00a0<\/strong><\/em><\/p>\n","protected":false},"excerpt":{"rendered":"<p>Um homem natural do munic\u00edpio de Sum\u00e9, identificado como Alexandre Em\u00eddio, conhecido popularmente como Tam, sofreu um acidente pr\u00f3ximo a entrada da Prata na BR&hellip; <\/p>\n","protected":false},"author":1,"featured_media":41593,"comment_status":"closed","ping_status":"closed","sticky":false,"template":"","format":"standard","meta":{"sfsi_plus_gutenberg_text_before_share":"","sfsi_plus_gutenberg_show_text_before_share":"","sfsi_plus_gutenberg_icon_type":"","sfsi_plus_gutenberg_icon_alignemt":"","sfsi_plus_gutenburg_max_per_row":"","footnotes":""},"categories":[12],"tags":[],"class_list":["post-66095","post","type-post","status-publish","format-standard","has-post-thumbnail","hentry","category-policia"],"_links":{"self":[{"href":"https:\/\/www.caririemacao.com\/1\/wp-json\/wp\/v2\/posts\/66095","targetHints":{"allow":["GET"]}}],"collection":[{"href":"https:\/\/www.caririemacao.com\/1\/wp-json\/wp\/v2\/posts"}],"about":[{"href":"https:\/\/www.caririemacao.com\/1\/wp-json\/wp\/v2\/types\/post"}],"author":[{"embeddable":true,"href":"https:\/\/www.caririemacao.com\/1\/wp-json\/wp\/v2\/users\/1"}],"replies":[{"embeddable":true,"href":"https:\/\/www.caririemacao.com\/1\/wp-json\/wp\/v2\/comments?post=66095"}],"version-history":[{"count":1,"href":"https:\/\/www.caririemacao.com\/1\/wp-json\/wp\/v2\/posts\/66095\/revisions"}],"predecessor-version":[{"id":66096,"href":"https:\/\/www.caririemacao.com\/1\/wp-json\/wp\/v2\/posts\/66095\/revisions\/66096"}],"wp:featuredmedia":[{"embeddable":true,"href":"https:\/\/www.caririemacao.com\/1\/wp-json\/wp\/v2\/media\/41593"}],"wp:attachment":[{"href":"https:\/\/www.caririemacao.com\/1\/wp-json\/wp\/v2\/media?parent=66095"}],"wp:term":[{"taxonomy":"category","embeddable":true,"href":"https:\/\/www.caririemacao.com\/1\/wp-json\/wp\/v2\/categories?post=66095"},{"taxonomy":"post_tag","embeddable":true,"href":"https:\/\/www.caririemacao.com\/1\/wp-json\/wp\/v2\/tags?post=66095"}],"curies":[{"name":"wp","href":"https:\/\/api.w.org\/{rel}","templated":true}]}}