{"id":66097,"date":"2018-09-25T18:33:05","date_gmt":"2018-09-25T21:33:05","guid":{"rendered":"http:\/\/www.caririemacao.com\/1\/?p=66097"},"modified":"2018-09-25T18:33:05","modified_gmt":"2018-09-25T21:33:05","slug":"elenao-ato-em-favor-da-democracia-e-liberdade-acontece-em-monteiro-dia-01-10","status":"publish","type":"post","link":"https:\/\/www.caririemacao.com\/1\/2018\/09\/25\/elenao-ato-em-favor-da-democracia-e-liberdade-acontece-em-monteiro-dia-01-10\/","title":{"rendered":"#EleN\u00e3o: Ato em favor da democracia e liberdade acontece em Monteiro dia 01\/10"},"content":{"rendered":"<p>Monteiro dever\u00e1 registrar um dos maiores movimentos populares j\u00e1 realizado, no pr\u00f3ximo dia 01\/10 a cidade vai receber caravanas j\u00e1 confirmadas das cidades de S\u00e3o Jos\u00e9 dos Cordeiros, Sum\u00e9 e Sert\u00e2nia no Pernambuco.<\/p>\n<p>Outras caravanas est\u00e3o confirmando presen\u00e7a com as cidades de Patos e Pombal al\u00e9m do p\u00fablico da cidade de Monteiro. De acordo com os organizadores do ato e liderado pelo movimento popular, o ato \u00e9 em defesa da democracia, lutando pela diversidade, paz, vida e liberdade de express\u00e3o n\u00e3o havendo qualquer liga\u00e7\u00e3o interna com partidos pol\u00edticos sendo financiado pelos pr\u00f3prios participantes.<\/p>\n<p>A uni\u00e3o das classes LGBTIs, Mulheres, Negros, Religi\u00f5es, Culturas Ind\u00edgenas e Afrodescendentes estar\u00e3o unidos no ato em defesa do direito a democracia e liberdade de express\u00e3o.<\/p>\n<p>MOVIMENTO #ELEN\u00c3O<\/p>\n<p>A hashtag #EleN\u00e3o usada pelo movimento ganhou apoio de artistas nacionais e internacionais, como Daniela Mercury, Anitta, Deborah Secco, MC Loma e a cantora inglesa Dua Lipa.<\/p>\n<p><em><strong>Tv Cariri\/Reprodu\u00e7\u00e3o\u00a0<\/strong><\/em><\/p>\n","protected":false},"excerpt":{"rendered":"<p>Monteiro dever\u00e1 registrar um dos maiores movimentos populares j\u00e1 realizado, no pr\u00f3ximo dia 01\/10 a cidade vai receber caravanas j\u00e1 confirmadas das cidades de S\u00e3o&hellip; <\/p>\n","protected":false},"author":1,"featured_media":66098,"comment_status":"closed","ping_status":"closed","sticky":false,"template":"","format":"standard","meta":{"sfsi_plus_gutenberg_text_before_share":"","sfsi_plus_gutenberg_show_text_before_share":"","sfsi_plus_gutenberg_icon_type":"","sfsi_plus_gutenberg_icon_alignemt":"","sfsi_plus_gutenburg_max_per_row":"","footnotes":""},"categories":[2],"tags":[],"class_list":["post-66097","post","type-post","status-publish","format-standard","has-post-thumbnail","hentry","category-geral"],"_links":{"self":[{"href":"https:\/\/www.caririemacao.com\/1\/wp-json\/wp\/v2\/posts\/66097","targetHints":{"allow":["GET"]}}],"collection":[{"href":"https:\/\/www.caririemacao.com\/1\/wp-json\/wp\/v2\/posts"}],"about":[{"href":"https:\/\/www.caririemacao.com\/1\/wp-json\/wp\/v2\/types\/post"}],"author":[{"embeddable":true,"href":"https:\/\/www.caririemacao.com\/1\/wp-json\/wp\/v2\/users\/1"}],"replies":[{"embeddable":true,"href":"https:\/\/www.caririemacao.com\/1\/wp-json\/wp\/v2\/comments?post=66097"}],"version-history":[{"count":2,"href":"https:\/\/www.caririemacao.com\/1\/wp-json\/wp\/v2\/posts\/66097\/revisions"}],"predecessor-version":[{"id":66100,"href":"https:\/\/www.caririemacao.com\/1\/wp-json\/wp\/v2\/posts\/66097\/revisions\/66100"}],"wp:featuredmedia":[{"embeddable":true,"href":"https:\/\/www.caririemacao.com\/1\/wp-json\/wp\/v2\/media\/66098"}],"wp:attachment":[{"href":"https:\/\/www.caririemacao.com\/1\/wp-json\/wp\/v2\/media?parent=66097"}],"wp:term":[{"taxonomy":"category","embeddable":true,"href":"https:\/\/www.caririemacao.com\/1\/wp-json\/wp\/v2\/categories?post=66097"},{"taxonomy":"post_tag","embeddable":true,"href":"https:\/\/www.caririemacao.com\/1\/wp-json\/wp\/v2\/tags?post=66097"}],"curies":[{"name":"wp","href":"https:\/\/api.w.org\/{rel}","templated":true}]}}