{"id":66104,"date":"2018-09-25T21:44:03","date_gmt":"2018-09-26T00:44:03","guid":{"rendered":"http:\/\/www.caririemacao.com\/1\/?p=66104"},"modified":"2018-09-25T21:44:03","modified_gmt":"2018-09-26T00:44:03","slug":"roda-de-conversa-encerra-programacao-do-setembro-amarelo-no-cdsa","status":"publish","type":"post","link":"https:\/\/www.caririemacao.com\/1\/2018\/09\/25\/roda-de-conversa-encerra-programacao-do-setembro-amarelo-no-cdsa\/","title":{"rendered":"Roda de conversa encerra programa\u00e7\u00e3o do Setembro Amarelo no CDSA"},"content":{"rendered":"<p>Dando prosseguimento \u00e0\u00a0campanha \u201c<a href=\"http:\/\/www.cdsa.ufcg.edu.br\/cdsa\/eventos.html\" target=\"_blank\" rel=\"noopener noreferrer\">Setembro Amarelo\u201d<\/a>\u00a0no Centro de Desenvolvimento Sustent\u00e1vel do Semi\u00e1rido da UFCG, ser\u00e1 realizada nesta quarta-feira (26\/09), \u00e0s 16h, no audit\u00f3rio do Campus, a \u201c<strong>Roda de conversa: d\u00favidas e debate sobre o tema\u201d<\/strong>, tendo como p\u00fablico-alvo servidores e terceirizados.<\/p>\n<p>Na programa\u00e7\u00e3o da campanha, j\u00e1 ocorreram no dia 13\u00a0duas rodas de conversa para alunos do CDSA e no dia19 a realiza\u00e7\u00e3o de um Cine Debate\u00a0com a exibi\u00e7\u00e3o do filme \u201cUm grito de socorro\u201d direcionado\u00a0para\u00a0toda comunidade acad\u00eamica.<\/p>\n<p>A campanha \u00e9 uma realiza\u00e7\u00e3o da Ger\u00eancia de Assuntos Estudantis\/CDSA por meio do Setor de Psicologia.<\/p>\n<p>Cariri em A\u00e7\u00e3o<\/p>\n<p>Leia mais not\u00edcias em\u00a0<a href=\"http:\/\/www.caririemacao.com\/\">caririemacao.com<\/a>, siga nossa p\u00e1gina no\u00a0<a href=\"https:\/\/www.facebook.com\/CaririEmAcao\/?ref=aymt_homepage_panel\">Facebook<\/a>,\u00a0<a href=\"https:\/\/www.instagram.com\/cariri_em_acao\/?hl=pt-br\">Instagram<\/a>\u00a0e\u00a0<a href=\"https:\/\/www.youtube.com\/channel\/UCAptA0jQuYQy8vMhLt2m4qg\">Youtube<\/a>\u00a0e veja nossas mat\u00e9rias, v\u00eddeos e fotos. Voc\u00ea tamb\u00e9m pode enviar informa\u00e7\u00f5es \u00e0 Reda\u00e7\u00e3o do Portal Cariri em A\u00e7\u00e3o pelo WhatsApp (83) 9 9634.5791, (83) 9 9601-1162.<\/p>\n","protected":false},"excerpt":{"rendered":"<p>Dando prosseguimento \u00e0\u00a0campanha \u201cSetembro Amarelo\u201d\u00a0no Centro de Desenvolvimento Sustent\u00e1vel do Semi\u00e1rido da UFCG, ser\u00e1 realizada nesta quarta-feira (26\/09), \u00e0s 16h, no audit\u00f3rio do Campus, a&hellip; <\/p>\n","protected":false},"author":1,"featured_media":66105,"comment_status":"closed","ping_status":"closed","sticky":false,"template":"","format":"standard","meta":{"sfsi_plus_gutenberg_text_before_share":"","sfsi_plus_gutenberg_show_text_before_share":"","sfsi_plus_gutenberg_icon_type":"","sfsi_plus_gutenberg_icon_alignemt":"","sfsi_plus_gutenburg_max_per_row":"","footnotes":""},"categories":[14],"tags":[],"class_list":["post-66104","post","type-post","status-publish","format-standard","has-post-thumbnail","hentry","category-educacao"],"_links":{"self":[{"href":"https:\/\/www.caririemacao.com\/1\/wp-json\/wp\/v2\/posts\/66104","targetHints":{"allow":["GET"]}}],"collection":[{"href":"https:\/\/www.caririemacao.com\/1\/wp-json\/wp\/v2\/posts"}],"about":[{"href":"https:\/\/www.caririemacao.com\/1\/wp-json\/wp\/v2\/types\/post"}],"author":[{"embeddable":true,"href":"https:\/\/www.caririemacao.com\/1\/wp-json\/wp\/v2\/users\/1"}],"replies":[{"embeddable":true,"href":"https:\/\/www.caririemacao.com\/1\/wp-json\/wp\/v2\/comments?post=66104"}],"version-history":[{"count":1,"href":"https:\/\/www.caririemacao.com\/1\/wp-json\/wp\/v2\/posts\/66104\/revisions"}],"predecessor-version":[{"id":66106,"href":"https:\/\/www.caririemacao.com\/1\/wp-json\/wp\/v2\/posts\/66104\/revisions\/66106"}],"wp:featuredmedia":[{"embeddable":true,"href":"https:\/\/www.caririemacao.com\/1\/wp-json\/wp\/v2\/media\/66105"}],"wp:attachment":[{"href":"https:\/\/www.caririemacao.com\/1\/wp-json\/wp\/v2\/media?parent=66104"}],"wp:term":[{"taxonomy":"category","embeddable":true,"href":"https:\/\/www.caririemacao.com\/1\/wp-json\/wp\/v2\/categories?post=66104"},{"taxonomy":"post_tag","embeddable":true,"href":"https:\/\/www.caririemacao.com\/1\/wp-json\/wp\/v2\/tags?post=66104"}],"curies":[{"name":"wp","href":"https:\/\/api.w.org\/{rel}","templated":true}]}}