{"id":66113,"date":"2018-09-25T21:56:09","date_gmt":"2018-09-26T00:56:09","guid":{"rendered":"http:\/\/www.caririemacao.com\/1\/?p=66113"},"modified":"2018-09-25T21:56:09","modified_gmt":"2018-09-26T00:56:09","slug":"governo-envia-tubulacao-para-de-passagem-molhada-entre-cabaceiras-e-barra-de-sao-miguel","status":"publish","type":"post","link":"https:\/\/www.caririemacao.com\/1\/2018\/09\/25\/governo-envia-tubulacao-para-de-passagem-molhada-entre-cabaceiras-e-barra-de-sao-miguel\/","title":{"rendered":"Governo envia tubula\u00e7\u00e3o para de passagem molhada entre Cabaceiras e Barra de S\u00e3o Miguel"},"content":{"rendered":"<p>Chegou nesta segunda-feira (25) a tubula\u00e7\u00e3o para constru\u00e7\u00e3o de uma passagem molhada sobre o Rio Para\u00edba, entre os munic\u00edpios de Barra de S\u00e3o Miguel e Cabaceiras, na regi\u00e3o do Cariri.<\/p>\n<p>Foi um apelo dos dois munic\u00edpios que est\u00e1 sendo atendido pelo Governo da Para\u00edba.<\/p>\n<p>Os munic\u00edpios \u00a0tiveram o acesso interrompido com a perenizar\u00e3o do Rio Para\u00edba, com a chega das\u00a0 \u00e1guas da Transposi\u00e7\u00e3o do Rio S\u00e3o Francisco.<\/p>\n<p>A construtora vencedora da licita\u00e7\u00e3o para executar a obra \u00e9 \u00a0Empresa Livramento.<\/p>\n<p>Cariri em A\u00e7\u00e3o<\/p>\n<p>Leia mais not\u00edcias em\u00a0<a href=\"http:\/\/www.caririemacao.com\/\">caririemacao.com<\/a>, siga nossa p\u00e1gina no\u00a0<a href=\"https:\/\/www.facebook.com\/CaririEmAcao\/?ref=aymt_homepage_panel\">Facebook<\/a>,\u00a0<a href=\"https:\/\/www.instagram.com\/cariri_em_acao\/?hl=pt-br\">Instagram<\/a>\u00a0e\u00a0<a href=\"https:\/\/www.youtube.com\/channel\/UCAptA0jQuYQy8vMhLt2m4qg\">Youtube<\/a>\u00a0e veja nossas mat\u00e9rias, v\u00eddeos e fotos. Voc\u00ea tamb\u00e9m pode enviar informa\u00e7\u00f5es \u00e0 Reda\u00e7\u00e3o do Portal Cariri em A\u00e7\u00e3o pelo WhatsApp (83) 9 9634.5791, (83) 9 9601-1162.<\/p>\n","protected":false},"excerpt":{"rendered":"<p>Chegou nesta segunda-feira (25) a tubula\u00e7\u00e3o para constru\u00e7\u00e3o de uma passagem molhada sobre o Rio Para\u00edba, entre os munic\u00edpios de Barra de S\u00e3o Miguel e&hellip; <\/p>\n","protected":false},"author":1,"featured_media":66114,"comment_status":"closed","ping_status":"closed","sticky":false,"template":"","format":"standard","meta":{"sfsi_plus_gutenberg_text_before_share":"","sfsi_plus_gutenberg_show_text_before_share":"","sfsi_plus_gutenberg_icon_type":"","sfsi_plus_gutenberg_icon_alignemt":"","sfsi_plus_gutenburg_max_per_row":"","footnotes":""},"categories":[6],"tags":[],"class_list":["post-66113","post","type-post","status-publish","format-standard","has-post-thumbnail","hentry","category-cidades"],"_links":{"self":[{"href":"https:\/\/www.caririemacao.com\/1\/wp-json\/wp\/v2\/posts\/66113","targetHints":{"allow":["GET"]}}],"collection":[{"href":"https:\/\/www.caririemacao.com\/1\/wp-json\/wp\/v2\/posts"}],"about":[{"href":"https:\/\/www.caririemacao.com\/1\/wp-json\/wp\/v2\/types\/post"}],"author":[{"embeddable":true,"href":"https:\/\/www.caririemacao.com\/1\/wp-json\/wp\/v2\/users\/1"}],"replies":[{"embeddable":true,"href":"https:\/\/www.caririemacao.com\/1\/wp-json\/wp\/v2\/comments?post=66113"}],"version-history":[{"count":1,"href":"https:\/\/www.caririemacao.com\/1\/wp-json\/wp\/v2\/posts\/66113\/revisions"}],"predecessor-version":[{"id":66115,"href":"https:\/\/www.caririemacao.com\/1\/wp-json\/wp\/v2\/posts\/66113\/revisions\/66115"}],"wp:featuredmedia":[{"embeddable":true,"href":"https:\/\/www.caririemacao.com\/1\/wp-json\/wp\/v2\/media\/66114"}],"wp:attachment":[{"href":"https:\/\/www.caririemacao.com\/1\/wp-json\/wp\/v2\/media?parent=66113"}],"wp:term":[{"taxonomy":"category","embeddable":true,"href":"https:\/\/www.caririemacao.com\/1\/wp-json\/wp\/v2\/categories?post=66113"},{"taxonomy":"post_tag","embeddable":true,"href":"https:\/\/www.caririemacao.com\/1\/wp-json\/wp\/v2\/tags?post=66113"}],"curies":[{"name":"wp","href":"https:\/\/api.w.org\/{rel}","templated":true}]}}