{"id":66116,"date":"2018-09-25T21:59:56","date_gmt":"2018-09-26T00:59:56","guid":{"rendered":"http:\/\/www.caririemacao.com\/1\/?p=66116"},"modified":"2018-09-25T21:59:56","modified_gmt":"2018-09-26T00:59:56","slug":"monteirenses-sao-beneficiados-com-entrega-de-proteses-e-orteses-pela-secretaria-de-saude","status":"publish","type":"post","link":"https:\/\/www.caririemacao.com\/1\/2018\/09\/25\/monteirenses-sao-beneficiados-com-entrega-de-proteses-e-orteses-pela-secretaria-de-saude\/","title":{"rendered":"Monteirenses s\u00e3o beneficiados com entrega de pr\u00f3teses e \u00f3rteses pela Secretaria de Sa\u00fade"},"content":{"rendered":"<h2><\/h2>\n<p><img fetchpriority=\"high\" decoding=\"async\" class=\"size-medium wp-image-23269 alignleft\" src=\"http:\/\/www.vitrinedocariri.com.br\/wp-content\/uploads\/2018\/09\/Entrega-de-pr%C3%B3teses-e-%C3%B3rteses03-300x200.jpg\" alt=\"\" width=\"300\" height=\"200\" \/>A entrega das Cadeiras de rodas e de banho, Cadeira de rodas dobr\u00e1vel, Tala de m\u00e3o e punho, Cadeira para obeso, Pr\u00f3teses mam\u00e1rias, Cadeira pneum\u00e1tica, Andador, Goteira Ortop\u00e9dica, \u00d3rtese punho e dedos e Aparelho tutor longo foi realizada pelas m\u00e3os da prefeita Anna Lorena juntamente com a Secret\u00e1ria de Sa\u00fade recepcionadas no CER II pela diretora do Ana N\u00f3brega no \u00faltimo dia 19.<\/p>\n<p>Durante a entrega a prefeita Anna Lorena informou que esta a\u00e7\u00e3o beneficiou 23 pacientes com um total de 40 mil reais investidos, oriundos de recursos pr\u00f3prios, como forma de melhorar cada vez mais a qualidade de vida destas pessoas e completou: \u201cNossa pretens\u00e3o \u00e9 que hajam entregas de aparelhos para atender o maior n\u00famero poss\u00edvel de pacientes no munic\u00edpio. Queremos que tanto as fam\u00edlias quanto os pacientes tenham maior mobilidade ou at\u00e9 mesmo nova perspectiva de si mesmo atrav\u00e9s das \u00f3rteses e pr\u00f3teses\u201d.<\/p>\n<p><img decoding=\"async\" class=\"size-medium wp-image-23268 alignleft lazyload\" data-src=\"http:\/\/www.vitrinedocariri.com.br\/wp-content\/uploads\/2018\/09\/Entrega-de-pr%C3%B3teses-e-%C3%B3rteses22-300x200.jpg\" alt=\"\" width=\"300\" height=\"200\" src=\"data:image\/svg+xml;base64,PHN2ZyB3aWR0aD0iMSIgaGVpZ2h0PSIxIiB4bWxucz0iaHR0cDovL3d3dy53My5vcmcvMjAwMC9zdmciPjwvc3ZnPg==\" style=\"--smush-placeholder-width: 300px; --smush-placeholder-aspect-ratio: 300\/200;\" \/>\u201cAtender as pessoas faz parte da nossa obriga\u00e7\u00e3o e destinamos nossos recursos para total benef\u00edcio da popula\u00e7\u00e3o. Sabemos que esses equipamentos v\u00e3o melhorar a qualidade de vida de diversas pessoas que realmente precisam de ajuda\u201d, ressaltou a secret\u00e1ria Paula Oliveira.<\/p>\n<p><strong>Cadastro para Pr\u00f3teses e \u00d3rteses<\/strong><\/p>\n<p>Para ser beneficiado o recebimento das pr\u00f3teses e \u00f3rteses o paciente deve recorrer ao m\u00e9dico que realiza a solicita\u00e7\u00e3o de acordo com a necessidade, em seguida \u00e9 necess\u00e1rio fazer o cadastro na Secretaria Sa\u00fade no Setor de Auditoria com o Coordenador Emerson Barbosa. Geralmente o per\u00edodo de atendimento da demanda gira em torno de 60 dias \u00fateis.<\/p>\n<p>A iniciativa est\u00e1 dentro das principais preocupa\u00e7\u00f5es da Administra\u00e7\u00e3o Municipal de Monteiro.<\/p>\n<p>Ascom\/Monteiro<\/p>\n<p>Cariri em A\u00e7\u00e3o<\/p>\n<p>Leia mais not\u00edcias em\u00a0<a href=\"http:\/\/www.caririemacao.com\/\">caririemacao.com<\/a>, siga nossa p\u00e1gina no\u00a0<a href=\"https:\/\/www.facebook.com\/CaririEmAcao\/?ref=aymt_homepage_panel\">Facebook<\/a>,\u00a0<a href=\"https:\/\/www.instagram.com\/cariri_em_acao\/?hl=pt-br\">Instagram<\/a>\u00a0e\u00a0<a href=\"https:\/\/www.youtube.com\/channel\/UCAptA0jQuYQy8vMhLt2m4qg\">Youtube<\/a>\u00a0e veja nossas mat\u00e9rias, v\u00eddeos e fotos. Voc\u00ea tamb\u00e9m pode enviar informa\u00e7\u00f5es \u00e0 Reda\u00e7\u00e3o do Portal Cariri em A\u00e7\u00e3o pelo WhatsApp (83) 9 9634.5791, (83) 9 9601-1162.<\/p>\n","protected":false},"excerpt":{"rendered":"<p>A entrega das Cadeiras de rodas e de banho, Cadeira de rodas dobr\u00e1vel, Tala de m\u00e3o e punho, Cadeira para obeso, Pr\u00f3teses mam\u00e1rias, Cadeira pneum\u00e1tica,&hellip; <\/p>\n","protected":false},"author":1,"featured_media":66117,"comment_status":"closed","ping_status":"closed","sticky":false,"template":"","format":"standard","meta":{"sfsi_plus_gutenberg_text_before_share":"","sfsi_plus_gutenberg_show_text_before_share":"","sfsi_plus_gutenberg_icon_type":"","sfsi_plus_gutenberg_icon_alignemt":"","sfsi_plus_gutenburg_max_per_row":"","footnotes":""},"categories":[16],"tags":[],"class_list":["post-66116","post","type-post","status-publish","format-standard","has-post-thumbnail","hentry","category-saude"],"_links":{"self":[{"href":"https:\/\/www.caririemacao.com\/1\/wp-json\/wp\/v2\/posts\/66116","targetHints":{"allow":["GET"]}}],"collection":[{"href":"https:\/\/www.caririemacao.com\/1\/wp-json\/wp\/v2\/posts"}],"about":[{"href":"https:\/\/www.caririemacao.com\/1\/wp-json\/wp\/v2\/types\/post"}],"author":[{"embeddable":true,"href":"https:\/\/www.caririemacao.com\/1\/wp-json\/wp\/v2\/users\/1"}],"replies":[{"embeddable":true,"href":"https:\/\/www.caririemacao.com\/1\/wp-json\/wp\/v2\/comments?post=66116"}],"version-history":[{"count":1,"href":"https:\/\/www.caririemacao.com\/1\/wp-json\/wp\/v2\/posts\/66116\/revisions"}],"predecessor-version":[{"id":66118,"href":"https:\/\/www.caririemacao.com\/1\/wp-json\/wp\/v2\/posts\/66116\/revisions\/66118"}],"wp:featuredmedia":[{"embeddable":true,"href":"https:\/\/www.caririemacao.com\/1\/wp-json\/wp\/v2\/media\/66117"}],"wp:attachment":[{"href":"https:\/\/www.caririemacao.com\/1\/wp-json\/wp\/v2\/media?parent=66116"}],"wp:term":[{"taxonomy":"category","embeddable":true,"href":"https:\/\/www.caririemacao.com\/1\/wp-json\/wp\/v2\/categories?post=66116"},{"taxonomy":"post_tag","embeddable":true,"href":"https:\/\/www.caririemacao.com\/1\/wp-json\/wp\/v2\/tags?post=66116"}],"curies":[{"name":"wp","href":"https:\/\/api.w.org\/{rel}","templated":true}]}}