{"id":66119,"date":"2018-09-25T22:07:24","date_gmt":"2018-09-26T01:07:24","guid":{"rendered":"http:\/\/www.caririemacao.com\/1\/?p=66119"},"modified":"2018-09-25T22:13:16","modified_gmt":"2018-09-26T01:13:16","slug":"miseria-espiritual-e-baixaria-politica-no-discurso-de-odio-contra-mulheres-de-elenao","status":"publish","type":"post","link":"https:\/\/www.caririemacao.com\/1\/2018\/09\/25\/miseria-espiritual-e-baixaria-politica-no-discurso-de-odio-contra-mulheres-de-elenao\/","title":{"rendered":"Mis\u00e9ria espiritual e baixaria pol\u00edtica no discurso de \u00f3dio contra mulheres de #EleN\u00e3o"},"content":{"rendered":"<p>\u00c9 simplesmente chocante que um pai declare, como se fosse a coisa mais natural do mundo, que, ap\u00f3s gerar v\u00e1rios filhos, \u201cfraquejou\u201d ao gerar uma mulher. Mais que chocante, \u00e9 incr\u00edvel o sentimento que gerou tal convic\u00e7\u00e3o; deformada \u00e9 a personalidade que ostenta essa consci\u00eancia, e bizarro \u00e9 o repert\u00f3rio de refer\u00eancias sociais e culturais que motivou a afirma\u00e7\u00e3o do candidato #EleN\u00e3o \u00e0 Presid\u00eancia da Rep\u00fablica.<\/p>\n<p>E \u00e9 simplesmente inacredit\u00e1vel que mulheres, em s\u00e3 consci\u00eancia, se declarem favor\u00e1veis a algu\u00e9m de t\u00e3o alta baixeza. Algu\u00e9m que acredita no fato de que se fragilizou socialmente, se apoucou existencialmente, se comprimiu espiritualmente devido \u00e0 condi\u00e7\u00e3o de ter sido pai de uma menina. \u00c9 essa pessoa que ambiciona ser o presidente da Rep\u00fablica de brasileiros e de brasileiras.<\/p>\n<p>Manifesta\u00e7\u00f5es nas redes sociais alimentam a minha perplexidade que j\u00e1 est\u00e1 ao n\u00edvel da obesidade m\u00f3rbida devido ao bombardeio dessa gordura t\u00f3xica bombeada diretamente nas veias da minha compreens\u00e3o de mundo \u2013 mundo que sinaliza com o respeito \u00e0 diferen\u00e7a, que reivindica igualdade entre todos e todas \u2013 veneno inoculado nos tubos do meu corpo mental consciente principalmente por jovens mulheres, executivas que se acham paradigm\u00e1ticas, estudantes que se consideram l\u00facidas, m\u00e3es que acreditam no amor a filhos e filhas.<\/p>\n<p>#EleN\u00e3o, o nazista caricato que decidiu transitar pela hist\u00f3ria ostentando \u00f3dio como s\u00edmbolo de poder, empunhando preconceito como op\u00e7\u00e3o existencial e praticando a exclus\u00e3o por convic\u00e7\u00e3o, se define totalmente ao expor a mesquinhez com que encara a mulher e os problemas que as mulheres enfrentam na sociedade atual.<\/p>\n<p>Reproduzo a seguir duas pesquisas apresentadas n\u00e3o faz nem um ano \u00e0 opini\u00e3o p\u00fablica mundial e brasileira sobre os \u201cprobleminhas\u201d da mulher.<\/p>\n<p>Pesquisa realizada pela Kering Foundation. Dados internacionais:<br \/>\n\u2022 A cada 2 segundos, uma garota de menos de 18 anos \u00e9 for\u00e7ada a se casar.<br \/>\n\u2022 1 em cada 3 garotas de 13 a 15 anos sofrem com bullying regularmente.<br \/>\n\u2022 15 milh\u00f5es de adolescentes de 15 a 19 anos j\u00e1 sofreram abuso sexual.<br \/>\n\u2022 9 milh\u00f5es destas garotas sofreram abuso sexual nos \u00faltimos 12 meses.<br \/>\n\u2022 1 em cada 4 garotas dos EUA sofrem abuso sexual antes de completarem 16 anos.<br \/>\n\u2022 1 em cada 5 jovens sofrem abuso sexual dentro das universidades dos EUA.<br \/>\n\u2022 1 em cada 4 adolescentes do Reino Unido sofrem viol\u00eancia f\u00edsica pelos seus pr\u00f3prios namorados.<br \/>\n\u2022 1 em cada 4 adolescentes francesas s\u00e3o v\u00edtimas de ass\u00e9dio pela Internet.<br \/>\n\u2022 70% das mulheres refugiadas s\u00e3o v\u00edtimas de viol\u00eancia ao longo da vida.<br \/>\n\u2022 31,5% das mulheres e garotas italianas s\u00e3o v\u00edtimas de viol\u00eancia f\u00edsica ou sexual.<br \/>\n\u2022 43% das mulheres europeias j\u00e1 sofreram de ass\u00e9dio moral ou viol\u00eancia f\u00edsica pelos seus parceiros.<br \/>\n\u2022 200 milh\u00f5es de garotas e mulheres j\u00e1 foram obrigadas a passar por mutila\u00e7\u00e3o genital.<\/p>\n<p>Pesquisa Data Folha, realidade do Brasil.<br \/>\n\u2022 503 mulheres brasileiras s\u00e3o v\u00edtimas de agress\u00e3o f\u00edsica a cada hora.<br \/>\n\u2022 Entre as mulheres que sofreram viol\u00eancia, 52% se calaram. Apenas 11% procuraram a delegacia da mulher.<br \/>\n\u2022Em 61% dos casos, o agressor \u00e9 um conhecido; em 19% das vezes, eram companheiros atuais das v\u00edtimas.<br \/>\n\u2022 43% das agress\u00f5es ocorreram dentro das casas das v\u00edtimas.<br \/>\n\u2022 40% das mulheres acima de 16 anos j\u00e1 sofreram algum tipo de ass\u00e9dio.<br \/>\n\u2022 5,2 milh\u00f5es de mulheres j\u00e1 sofreram ass\u00e9dio em transporte p\u00fablico.<br \/>\n\u2022 20,4 milh\u00f5es de mulheres j[a receberam coment\u00e1rios desrespeitosos nas ruas.<br \/>\n\u2022 2,2 milh\u00f5es de mulheres j\u00e1 foi beijada ou agarrada sem consentimento.<br \/>\n\u2022 10% das mulheres j\u00e1 sofreram amea\u00e7a de viol\u00eancia f\u00edsica.<br \/>\n\u2022 8% das mulheres sofreram ofensa sexual.<br \/>\n\u2022 4% receberam amea\u00e7a com faca ou arma de fogo.<br \/>\n\u2022 3% (ou 1,4 milh\u00f5es) de mulheres sofreram espancamento ou tentativa de estrangulamento e 1% levou pelo menos um tiro.<\/p>\n<div class=\"google-auto-placed ap_container\"><ins class=\"adsbygoogle adsbygoogle-noablate\" data-ad-format=\"auto\" data-ad-client=\"ca-pub-1593055478228631\" data-adsbygoogle-status=\"done\"><ins id=\"aswift_5_expand\"><ins id=\"aswift_5_anchor\"><\/ins><\/ins><\/ins>Acredito que esses dados humilham qualquer ente humano do sexo masculino que tenha a pretens\u00e3o de viver num mundo civilizado. E produzem indigna\u00e7\u00e3o entre as mulheres, sendo capazes tamb\u00e9m de produzir revolta entre pessoas de qualquer g\u00eanero entre os muitos existentes.<\/div>\n<p>#EleN\u00e3o diz sim ao que de pior, de mais nauseabundo, aos aspectos mais reprov\u00e1veis da mente humana acovardada perante a diferen\u00e7a. A sociedade brasileira n\u00e3o se desestruturou ao ponto de eleger esse ap\u00f3stolo da mis\u00e9ria espiritual. Quem viver, ver\u00e1.<\/p>\n<p>Para\u00edba j\u00e1<\/p>\n<p>Cariri em A\u00e7\u00e3o<\/p>\n<p>Leia mais not\u00edcias em\u00a0<a href=\"http:\/\/www.caririemacao.com\/\">caririemacao.com<\/a>, siga nossa p\u00e1gina no\u00a0<a href=\"https:\/\/www.facebook.com\/CaririEmAcao\/?ref=aymt_homepage_panel\">Facebook<\/a>,\u00a0<a href=\"https:\/\/www.instagram.com\/cariri_em_acao\/?hl=pt-br\">Instagram<\/a>\u00a0e\u00a0<a href=\"https:\/\/www.youtube.com\/channel\/UCAptA0jQuYQy8vMhLt2m4qg\">Youtube<\/a>\u00a0e veja nossas mat\u00e9rias, v\u00eddeos e fotos. Voc\u00ea tamb\u00e9m pode enviar informa\u00e7\u00f5es \u00e0 Reda\u00e7\u00e3o do Portal Cariri em A\u00e7\u00e3o pelo WhatsApp (83) 9 9634.5791, (83) 9 9601-1162.<\/p>\n","protected":false},"excerpt":{"rendered":"<p>\u00c9 simplesmente chocante que um pai declare, como se fosse a coisa mais natural do mundo, que, ap\u00f3s gerar v\u00e1rios filhos, \u201cfraquejou\u201d ao gerar uma&hellip; <\/p>\n","protected":false},"author":1,"featured_media":19417,"comment_status":"closed","ping_status":"closed","sticky":false,"template":"","format":"standard","meta":{"sfsi_plus_gutenberg_text_before_share":"","sfsi_plus_gutenberg_show_text_before_share":"","sfsi_plus_gutenberg_icon_type":"","sfsi_plus_gutenberg_icon_alignemt":"","sfsi_plus_gutenburg_max_per_row":"","footnotes":""},"categories":[11],"tags":[],"class_list":["post-66119","post","type-post","status-publish","format-standard","has-post-thumbnail","hentry","category-politica"],"_links":{"self":[{"href":"https:\/\/www.caririemacao.com\/1\/wp-json\/wp\/v2\/posts\/66119","targetHints":{"allow":["GET"]}}],"collection":[{"href":"https:\/\/www.caririemacao.com\/1\/wp-json\/wp\/v2\/posts"}],"about":[{"href":"https:\/\/www.caririemacao.com\/1\/wp-json\/wp\/v2\/types\/post"}],"author":[{"embeddable":true,"href":"https:\/\/www.caririemacao.com\/1\/wp-json\/wp\/v2\/users\/1"}],"replies":[{"embeddable":true,"href":"https:\/\/www.caririemacao.com\/1\/wp-json\/wp\/v2\/comments?post=66119"}],"version-history":[{"count":4,"href":"https:\/\/www.caririemacao.com\/1\/wp-json\/wp\/v2\/posts\/66119\/revisions"}],"predecessor-version":[{"id":66123,"href":"https:\/\/www.caririemacao.com\/1\/wp-json\/wp\/v2\/posts\/66119\/revisions\/66123"}],"wp:featuredmedia":[{"embeddable":true,"href":"https:\/\/www.caririemacao.com\/1\/wp-json\/wp\/v2\/media\/19417"}],"wp:attachment":[{"href":"https:\/\/www.caririemacao.com\/1\/wp-json\/wp\/v2\/media?parent=66119"}],"wp:term":[{"taxonomy":"category","embeddable":true,"href":"https:\/\/www.caririemacao.com\/1\/wp-json\/wp\/v2\/categories?post=66119"},{"taxonomy":"post_tag","embeddable":true,"href":"https:\/\/www.caririemacao.com\/1\/wp-json\/wp\/v2\/tags?post=66119"}],"curies":[{"name":"wp","href":"https:\/\/api.w.org\/{rel}","templated":true}]}}