{"id":66124,"date":"2018-09-25T22:24:29","date_gmt":"2018-09-26T01:24:29","guid":{"rendered":"http:\/\/www.caririemacao.com\/1\/?p=66124"},"modified":"2018-09-25T22:24:29","modified_gmt":"2018-09-26T01:24:29","slug":"ex-mulher-disse-ter-sofrido-ameaca-de-morte-de-jair-bolsonaro","status":"publish","type":"post","link":"https:\/\/www.caririemacao.com\/1\/2018\/09\/25\/ex-mulher-disse-ter-sofrido-ameaca-de-morte-de-jair-bolsonaro\/","title":{"rendered":"Ex-mulher disse ter sofrido amea\u00e7a de morte de Jair Bolsonaro"},"content":{"rendered":"<p>Ex-mulher do candidato \u00e0 Presid\u00eancia pelo PSL, Jair Bolsonaro, Ana Cristina Valle afirmou ao Itamaraty em 2011 que foi amea\u00e7ada de morte por ele, o que a levou a deixar o Brasil.<\/p>\n<p>O relato consta de um telegrama reservado arquivado no \u00f3rg\u00e3o, ao qual a Folha de S.Paulo teve acesso. Na \u00e9poca Bolsonaro e Ana Cristina travavam uma disputa judicial no Rio de Janeiro sobre a guarda do filho do casal, ent\u00e3o com cerca de 12 anos.<\/p>\n<p>&#8220;A senhora Ana Cristina Siqueira Valle disse ter deixado o Brasil h\u00e1 dois anos [em 2009] &#8216;por ter sido amea\u00e7ada de morte&#8217; pelo pai do menor [Bolsonaro]. Aduziu ela que tal acusa\u00e7\u00e3o poderia motivar pedido de asilo pol\u00edtico neste pa\u00eds [Noruega]&#8221;, diz o telegrama.<\/p>\n<p>Em outro trecho do documento, Ana Cristina disse considerar que, ao procur\u00e1-la, o vice-consulado do Brasil na Noruega &#8220;estava agindo em nome do deputado federal Jair Bolsonaro&#8221;.<\/p>\n<p>O mesmo telegrama havia sido liberado \u00e0 Folha pela Lei de Acesso \u00e0 Informa\u00e7\u00e3o, por\u00e9m com esses e outros trechos cobertos por tarja preta. Duas fontes ouvidas pela reportagem e o ent\u00e3o embaixador, Carlos Henrique Cardim, que assina os textos, confirmaram a \u00edntegra dos documentos.<\/p>\n<p>Atualmente Ana Cristina, ex-servidora da C\u00e2mara Municipal de Resende (RJ), usa o sobrenome &#8220;Bolsonaro&#8221; e \u00e9 candidata a deputada federal pelo Podemos. Ela disse apoiar a candidatura do ex-marido ao Planalto e considerou &#8220;superado&#8221; o epis\u00f3dio na Noruega, apesar de ter admitido ter sido pressionada por ele \u00e0 \u00e9poca.<\/p>\n<p>Conforme a Folha de S.Paulo revelou no domingo (23), Bolsonaro mobilizou o Itamaraty, em 2011, como deputado federal, para que o \u00f3rg\u00e3o intercedesse em seu favor depois que Ana Cristina viajou para a Noruega com o filho do casal.<\/p>\n<p>Segundo o site do Itamaraty e resposta enviada \u00e0 reportagem, o \u00f3rg\u00e3o n\u00e3o pode interferir em assuntos pessoais de brasileiros no exterior. No entanto, em 2011 localizou e manteve contato com Ana Cristina a pedido de Bolsonaro.<\/p>\n<p>A afirma\u00e7\u00e3o dela sobre a suposta amea\u00e7a de morte consta da \u00edntegra de um telegrama de julho de 2011 enviado a Bras\u00edlia pela Embaixada Brasileira em Oslo e escrito por Cardim a partir de informa\u00e7\u00f5es prestadas pelo vice-c\u00f4nsul naquele pa\u00eds.<\/p>\n<p>Procurado pela reportagem, o diplomata, professor do Instituto de Ci\u00eancia Pol\u00edtica da UnB (Universidade de Bras\u00edlia), disse se recordar do conte\u00fado do documento. Ele contou que, em julho de 2011, foi acionado por escrito pelo Itamaraty, em Bras\u00edlia, e tamb\u00e9m procurado por Bolsonaro, com quem conversou por telefone. Segundo Cardim, Bolsonaro estava contrariado com o fato de sua ex-mulher ter viajado, sem a sua autoriza\u00e7\u00e3o, com o filho para a Noruega.<\/p>\n<p>Depois da conversa com o deputado, o ent\u00e3o embaixador recebeu as informa\u00e7\u00f5es do vice-c\u00f4nsul do Brasil em Oslo, que havia entrado em contato telef\u00f4nico com Ana Cristina. Segundo Cardim, o procedimento &#8220;segue uma rotina das embaixadas do Brasil&#8221;.<\/p>\n<p>&#8220;Foi explicada a ela a legisla\u00e7\u00e3o do Brasil, da Noruega. E a\u00ed ela mencionou para o vice-c\u00f4nsul que estava pensando em pedir asilo. E que teria dito ao vice-c\u00f4nsul que sofreu uma amea\u00e7a de morte do deputado Bolsonaro. E o vice-c\u00f4nsul me transmitiu isso&#8221;, descreveu o ex-embaixador \u00e0 Folha.<\/p>\n<p>Cardim disse ainda que, com o telegrama, fez apenas &#8220;um relato&#8221; da situa\u00e7\u00e3o. &#8220;N\u00e3o estou aqui [no telegrama] julgando se houve ou n\u00e3o essa amea\u00e7a. S\u00f3 estou registrando o fato que ela falou para o vice-c\u00f4nsul. E ponto. L\u00e1 [embaixada] n\u00e3o \u00e9 delegacia de pol\u00edcia. Se ela quiser apresentar uma queixa, ela vai a uma delegacia de pol\u00edcia no Brasil, apresenta, \u00e9 outro processo, compreende?&#8221;, explicou o diplomata.<\/p>\n<p>A conversa de Ana Cristina com o funcion\u00e1rio do Itamaraty, um oficial de chancelaria que exercia a fun\u00e7\u00e3o de vice-c\u00f4nsul, ocorreu porque Bolsonaro havia procurado, dias antes, a sede do Itamaraty em Bras\u00edlia para pedir uma interven\u00e7\u00e3o do \u00f3rg\u00e3o a respeito do paradeiro de seu filho.<\/p>\n<p>Por lei, segundo o embaixador, uma crian\u00e7a s\u00f3 podia sair do pa\u00eds acompanhada de apenas um dos pais desde que houvesse junto uma autoriza\u00e7\u00e3o do pai ou da m\u00e3e que n\u00e3o estivesse na viagem.<\/p>\n<p>A \u00edntegra de outro telegrama, agora tamb\u00e9m obtida pela Folha, mostra que Bolsonaro relatou ao Itamaraty que Ana Cristina havia obtido um passaporte para seu filho &#8220;com base em certid\u00e3o de nascimento expedida antes do reconhecimento de paternidade feito pelo deputado Bolsonaro&#8221;. Dessa forma, no documento constaria apenas o nome da crian\u00e7a como Renan Valle, sem o sobrenome do deputado, e, no campo da filia\u00e7\u00e3o, n\u00e3o aparecia o nome do pai. O telegrama n\u00e3o esclarece quando Bolsonaro reconheceu a paternidade do menino.<\/p>\n<p>Na reuni\u00e3o em Bras\u00edlia, Bolsonaro disse, segundo o telegrama, que seu filho morava h\u00e1 dois anos em sua resid\u00eancia do Rio de Janeiro, &#8220;onde frequenta escola e tem sua vida estruturada&#8221;. O deputado disse ainda que o gesto da ex-mulher &#8220;constituiria falsidade ideol\u00f3gica com intuito de sequestro&#8221; e, por isso, pediu a &#8220;gest\u00e3o do Itamaraty para averiguar as condi\u00e7\u00f5es em que estaria o menor&#8221;.<\/p>\n<p><strong>OUTRO LADO<\/strong><\/p>\n<p>Procurado por meio de sua assessoria, Bolsonaro n\u00e3o havia se pronunciado at\u00e9 o fechamento desta reportagem. Ele est\u00e1 internado no hospital Albert Einstein, em S\u00e3o Paulo, se recuperando de um atentado a faca sofrido em Juiz de Fora (MG) no \u00faltimo dia 6 de setembro.<\/p>\n<p>Em entrevista \u00e0 Folha de S.Paulo na semana passada, Ana Cristina disse que o deputado estava equivocado porque ela n\u00e3o tinha a inten\u00e7\u00e3o de fugir com a crian\u00e7a, e sim passar um per\u00edodo de f\u00e9rias na Noruega porque o menino reivindicava a presen\u00e7a da m\u00e3e ao seu lado. Ela disse que a liga\u00e7\u00e3o telef\u00f4nica dada pelo pessoal da embaixada foi para seu marido noruegu\u00eas, e n\u00e3o para ela.<\/p>\n<p>&#8220;Foi uma press\u00e3o que [Bolsonaro] fez. Mas \u00e9 uma quest\u00e3o de pai, de foro \u00edntimo, entendeu, de fam\u00edlia mesmo. Eu achava que ele nem deveria ter feito isso, mas se ele fez&#8230; E depois acabou tudo bem, ele tirou a a\u00e7\u00e3o [que corria no Rio] e ficou tudo bem. [&#8230;] \u00c9 coisa de pai, que eu respeito ele, porque ele tem um amor fora do comum pelos filhos&#8221;, disse Ana Cristina.<\/p>\n<p>Nesta ter\u00e7a-feira (25), novamente procurada pela reportagem, Ana Cristina disse por mensagem de aplicativo de telefone celular que &#8220;n\u00e3o falou com nenhum c\u00f4nsul ou vice&#8221;. Indagada se falaria com a reportagem ao telefone, ela respondeu: &#8220;Sobre este assunto n\u00e3o tenho nada a dizer&#8221;. Questionada se houve amea\u00e7as de morte de Bolsonaro contra ela por volta de 2009, ela respondeu que havia conversado com seu marido noruegu\u00eas e ele &#8220;falou que n\u00e3o disse nada disso&#8221;. &#8220;Acho que voc\u00eas est\u00e3o pegando pesado falando isso&#8221;, escreveu Ana Cristina.<\/p>\n<p>Procurado pela Folha nesta ter\u00e7a-feira (25), o Itamaraty informou, por meio de sua assessora, que, &#8220;em raz\u00e3o do direito constitucional \u00e0 privacidade, reafirmado na Lei de Acesso \u00e0 Informa\u00e7\u00e3o, o Minist\u00e9rio das Rela\u00e7\u00f5es Exteriores n\u00e3o se pronuncia sobre quest\u00f5es espec\u00edficas envolvendo brasileiros no exterior&#8221;.<\/p>\n<p>Folha Express<\/p>\n<p>Cariri em A\u00e7\u00e3o<\/p>\n<p>Leia mais not\u00edcias em\u00a0<a href=\"http:\/\/www.caririemacao.com\/\">caririemacao.com<\/a>, siga nossa p\u00e1gina no\u00a0<a href=\"https:\/\/www.facebook.com\/CaririEmAcao\/?ref=aymt_homepage_panel\">Facebook<\/a>,\u00a0<a href=\"https:\/\/www.instagram.com\/cariri_em_acao\/?hl=pt-br\">Instagram<\/a>\u00a0e\u00a0<a href=\"https:\/\/www.youtube.com\/channel\/UCAptA0jQuYQy8vMhLt2m4qg\">Youtube<\/a>\u00a0e veja nossas mat\u00e9rias, v\u00eddeos e fotos. Voc\u00ea tamb\u00e9m pode enviar informa\u00e7\u00f5es \u00e0 Reda\u00e7\u00e3o do Portal Cariri em A\u00e7\u00e3o pelo WhatsApp (83) 9 9634.5791, (83) 9 9601-1162.<\/p>\n","protected":false},"excerpt":{"rendered":"<p>Ex-mulher do candidato \u00e0 Presid\u00eancia pelo PSL, Jair Bolsonaro, Ana Cristina Valle afirmou ao Itamaraty em 2011 que foi amea\u00e7ada de morte por ele, o&hellip; <\/p>\n","protected":false},"author":1,"featured_media":66125,"comment_status":"closed","ping_status":"closed","sticky":false,"template":"","format":"standard","meta":{"sfsi_plus_gutenberg_text_before_share":"","sfsi_plus_gutenberg_show_text_before_share":"","sfsi_plus_gutenberg_icon_type":"","sfsi_plus_gutenberg_icon_alignemt":"","sfsi_plus_gutenburg_max_per_row":"","footnotes":""},"categories":[12],"tags":[],"class_list":["post-66124","post","type-post","status-publish","format-standard","has-post-thumbnail","hentry","category-policia"],"_links":{"self":[{"href":"https:\/\/www.caririemacao.com\/1\/wp-json\/wp\/v2\/posts\/66124","targetHints":{"allow":["GET"]}}],"collection":[{"href":"https:\/\/www.caririemacao.com\/1\/wp-json\/wp\/v2\/posts"}],"about":[{"href":"https:\/\/www.caririemacao.com\/1\/wp-json\/wp\/v2\/types\/post"}],"author":[{"embeddable":true,"href":"https:\/\/www.caririemacao.com\/1\/wp-json\/wp\/v2\/users\/1"}],"replies":[{"embeddable":true,"href":"https:\/\/www.caririemacao.com\/1\/wp-json\/wp\/v2\/comments?post=66124"}],"version-history":[{"count":1,"href":"https:\/\/www.caririemacao.com\/1\/wp-json\/wp\/v2\/posts\/66124\/revisions"}],"predecessor-version":[{"id":66126,"href":"https:\/\/www.caririemacao.com\/1\/wp-json\/wp\/v2\/posts\/66124\/revisions\/66126"}],"wp:featuredmedia":[{"embeddable":true,"href":"https:\/\/www.caririemacao.com\/1\/wp-json\/wp\/v2\/media\/66125"}],"wp:attachment":[{"href":"https:\/\/www.caririemacao.com\/1\/wp-json\/wp\/v2\/media?parent=66124"}],"wp:term":[{"taxonomy":"category","embeddable":true,"href":"https:\/\/www.caririemacao.com\/1\/wp-json\/wp\/v2\/categories?post=66124"},{"taxonomy":"post_tag","embeddable":true,"href":"https:\/\/www.caririemacao.com\/1\/wp-json\/wp\/v2\/tags?post=66124"}],"curies":[{"name":"wp","href":"https:\/\/api.w.org\/{rel}","templated":true}]}}