{"id":66139,"date":"2018-09-25T22:44:33","date_gmt":"2018-09-26T01:44:33","guid":{"rendered":"http:\/\/www.caririemacao.com\/1\/?p=66139"},"modified":"2018-09-25T22:44:33","modified_gmt":"2018-09-26T01:44:33","slug":"trabalhadores-poderao-pedir-emprestimo-consignado-com-garantia-do-fgts-a-partir-desta-quarta-feira","status":"publish","type":"post","link":"https:\/\/www.caririemacao.com\/1\/2018\/09\/25\/trabalhadores-poderao-pedir-emprestimo-consignado-com-garantia-do-fgts-a-partir-desta-quarta-feira\/","title":{"rendered":"Trabalhadores poder\u00e3o pedir empr\u00e9stimo consignado com garantia do FGTS a partir desta quarta-feira"},"content":{"rendered":"<p>A partir de amanh\u00e3 (26) os trabalhadores do setor privado poder\u00e3o contar com uma nova op\u00e7\u00e3o de cr\u00e9dito, o empr\u00e9stimo consignado com uso do Fundo de Garantia do Tempo de Servi\u00e7o (FGTS) como garantia. Por enquanto, apenas a Caixa Econ\u00f4mica Federal oferece a linha de cr\u00e9dito, segundo informou o Minist\u00e9rio do Trabalho. Os empr\u00e9stimos poder\u00e3o ser pedidos em qualquer ag\u00eancia do banco p\u00fablico.<\/p>\n<p>De acordo com o minist\u00e9rio, a nova linha de cr\u00e9dito estar\u00e1 dispon\u00edvel para 36,9 milh\u00f5es de trabalhadores com carteira assinada. Os juros n\u00e3o poder\u00e3o ultrapassar 3,5% ao m\u00eas, percentual at\u00e9 50% menor do que o de outras opera\u00e7\u00f5es de cr\u00e9dito dispon\u00edveis no mercado, informou o minist\u00e9rio. O prazo de pagamento ser\u00e1 de at\u00e9 48 meses (quatro anos).<\/p>\n<p>O uso do FGTS como garantia para o cr\u00e9dito consignado proporciona juros mais baixos para os tomadores porque os recursos da conta do trabalhador no fundo cobrir\u00e3o eventuais calotes, o que reduz o risco para os bancos e permite \u00e0 Caixa oferecer empr\u00e9stimos com taxas menores.<\/p>\n<p>Segundo o minist\u00e9rio, os valores emprestados depender\u00e3o do quanto os trabalhadores t\u00eam depositado na conta vinculada do FGTS. Pelas regras, eles podem dar como garantia at\u00e9 10% do saldo da conta e a totalidade da multa em caso de demiss\u00e3o sem justa causa, valores que podem ser retidos pelo banco no momento em que o trabalhador perder o v\u00ednculo com a empresa em que estava quando fez o empr\u00e9stimo consignado.<\/p>\n<p>Desde 2016, a Lei 13.313 previa o uso de parte do saldo do FGTS como garantia nas opera\u00e7\u00f5es de cr\u00e9dito consignado. A modalidade, no entanto, n\u00e3o deslanchou porque a falta de regulamenta\u00e7\u00e3o n\u00e3o trazia seguran\u00e7a para os bancos. As institui\u00e7\u00f5es financeiras s\u00f3 eram informadas do saldo do Fundo de Garantia do trabalhador no caso de um eventual desligamento da empresa. A possibilidade de que o funcion\u00e1rio, durante a vig\u00eancia do cr\u00e9dito consignado, sacasse parte do FGTS para comprar um im\u00f3vel reduziria a quantia que poderia servir de garantia.<\/p>\n<p>Para dar maior garantia aos bancos, no m\u00eas passado foi feita uma nova regulamenta\u00e7\u00e3o da modalidade de cr\u00e9dito e a Caixa criou um sistema que permite realizar a reserva de valores da conta do FGTS como garantia ao contrato consignado.<\/p>\n<p>\u201cA Caixa informa que disponibilizou aos bancos um sistema que permite o envio e recebimento de informa\u00e7\u00f5es sobre os cr\u00e9ditos consignados, no intuito de realizar a reserva de valores da conta vinculada do fundo para garantia ao contrato consignado. O sistema j\u00e1 se encontra dispon\u00edvel para que toda institui\u00e7\u00e3o financeira que tenha interesse em operar possa encaminhar e receber informa\u00e7\u00f5es sobre cr\u00e9dito consignado. V\u00e1rios bancos est\u00e3o se preparando para operar com o produto\u201d, disse a Caixa, em nota, em agosto.<\/p>\n<p>O valor reservado como garantia do empr\u00e9stimo permanecer\u00e1 na conta do FGTS do trabalhador, rendendo normalmente, at\u00e9 a quita\u00e7\u00e3o do empr\u00e9stimo. A garantia ser\u00e1 usada caso o empregado seja demitido sem justa causa e o banco n\u00e3o tenha mais como descontar as parcelas do cr\u00e9dito consignado do sal\u00e1rio.<\/p>\n<p>Segundo o minist\u00e9rio, al\u00e9m da Caixa, outros bancos tamb\u00e9m poder\u00e3o disponibilizar a nova linha de cr\u00e9dito. \u201cBasta seguirem as regras estabelecidas em lei\u201d, diz o minist\u00e9rio.<\/p>\n<p>Click PB<\/p>\n<p>Cariri em A\u00e7\u00e3o<\/p>\n<p>Leia mais not\u00edcias em\u00a0<a href=\"http:\/\/www.caririemacao.com\/\">caririemacao.com<\/a>, siga nossa p\u00e1gina no\u00a0<a href=\"https:\/\/www.facebook.com\/CaririEmAcao\/?ref=aymt_homepage_panel\">Facebook<\/a>,\u00a0<a href=\"https:\/\/www.instagram.com\/cariri_em_acao\/?hl=pt-br\">Instagram<\/a>\u00a0e\u00a0<a href=\"https:\/\/www.youtube.com\/channel\/UCAptA0jQuYQy8vMhLt2m4qg\">Youtube<\/a>\u00a0e veja nossas mat\u00e9rias, v\u00eddeos e fotos. Voc\u00ea tamb\u00e9m pode enviar informa\u00e7\u00f5es \u00e0 Reda\u00e7\u00e3o do Portal Cariri em A\u00e7\u00e3o pelo WhatsApp (83) 9 9634.5791, (83) 9 9601-1162.<\/p>\n","protected":false},"excerpt":{"rendered":"<p>A partir de amanh\u00e3 (26) os trabalhadores do setor privado poder\u00e3o contar com uma nova op\u00e7\u00e3o de cr\u00e9dito, o empr\u00e9stimo consignado com uso do Fundo&hellip; <\/p>\n","protected":false},"author":1,"featured_media":59745,"comment_status":"closed","ping_status":"closed","sticky":false,"template":"","format":"standard","meta":{"sfsi_plus_gutenberg_text_before_share":"","sfsi_plus_gutenberg_show_text_before_share":"","sfsi_plus_gutenberg_icon_type":"","sfsi_plus_gutenberg_icon_alignemt":"","sfsi_plus_gutenburg_max_per_row":"","footnotes":""},"categories":[2],"tags":[],"class_list":["post-66139","post","type-post","status-publish","format-standard","has-post-thumbnail","hentry","category-geral"],"_links":{"self":[{"href":"https:\/\/www.caririemacao.com\/1\/wp-json\/wp\/v2\/posts\/66139","targetHints":{"allow":["GET"]}}],"collection":[{"href":"https:\/\/www.caririemacao.com\/1\/wp-json\/wp\/v2\/posts"}],"about":[{"href":"https:\/\/www.caririemacao.com\/1\/wp-json\/wp\/v2\/types\/post"}],"author":[{"embeddable":true,"href":"https:\/\/www.caririemacao.com\/1\/wp-json\/wp\/v2\/users\/1"}],"replies":[{"embeddable":true,"href":"https:\/\/www.caririemacao.com\/1\/wp-json\/wp\/v2\/comments?post=66139"}],"version-history":[{"count":1,"href":"https:\/\/www.caririemacao.com\/1\/wp-json\/wp\/v2\/posts\/66139\/revisions"}],"predecessor-version":[{"id":66140,"href":"https:\/\/www.caririemacao.com\/1\/wp-json\/wp\/v2\/posts\/66139\/revisions\/66140"}],"wp:featuredmedia":[{"embeddable":true,"href":"https:\/\/www.caririemacao.com\/1\/wp-json\/wp\/v2\/media\/59745"}],"wp:attachment":[{"href":"https:\/\/www.caririemacao.com\/1\/wp-json\/wp\/v2\/media?parent=66139"}],"wp:term":[{"taxonomy":"category","embeddable":true,"href":"https:\/\/www.caririemacao.com\/1\/wp-json\/wp\/v2\/categories?post=66139"},{"taxonomy":"post_tag","embeddable":true,"href":"https:\/\/www.caririemacao.com\/1\/wp-json\/wp\/v2\/tags?post=66139"}],"curies":[{"name":"wp","href":"https:\/\/api.w.org\/{rel}","templated":true}]}}