{"id":66141,"date":"2018-09-25T22:49:19","date_gmt":"2018-09-26T01:49:19","guid":{"rendered":"http:\/\/www.caririemacao.com\/1\/?p=66141"},"modified":"2018-09-26T08:47:25","modified_gmt":"2018-09-26T11:47:25","slug":"em-sume-homem-que-deu-licor-de-menta-a-primo-adolescente-e-condenado-a-dois-anos-de-detencao","status":"publish","type":"post","link":"https:\/\/www.caririemacao.com\/1\/2018\/09\/25\/em-sume-homem-que-deu-licor-de-menta-a-primo-adolescente-e-condenado-a-dois-anos-de-detencao\/","title":{"rendered":"Em Sum\u00e9, homem que deu licor de menta a primo adolescente \u00e9 condenado a dois anos de deten\u00e7\u00e3o"},"content":{"rendered":"<p>A C\u00e2mara Criminal do Tribunal de Justi\u00e7a da Para\u00edba manteve decis\u00e3o do Ju\u00edzo da Comarca de Sum\u00e9, que condenou Manuel Missias Francisco Maciel a dois anos de deten\u00e7\u00e3o, no regime aberto, por fornecer bebida alco\u00f3lica ao primo adolescente. Ele ofereceu\u00a0licor de menta ao primo.<\/p>\n<p>Manuel Missias foi preso em flagrante em setembro de 2015 nas imedia\u00e7\u00f5es do Bar das Meninas, no Mercado P\u00fablico de Sum\u00e9.<\/p>\n<p>O r\u00e9u foi punido por infringir o artigo 243 do Estatuto da Crian\u00e7a e do Adolescente.\u00a0A senten\u00e7a tamb\u00e9m prev\u00ea a puni\u00e7\u00e3o de\u00a010 dias-multa \u00e0 raz\u00e3o de um trig\u00e9simo do sal\u00e1rio m\u00ednimo vigente \u00e0 \u00e9poca dos fatos.<\/p>\n<p>Manuel Missias teria chegado ao bar embriagado, comprado a garrafa de bebida alco\u00f3lica e passou a consumi-la, com o adolescente, fora do estabelecimento comercial, para ludibriar o respons\u00e1vel pelo bar. O\u00a0r\u00e9u e um seguran\u00e7a do bar chegaram a brigar e a\u00a0Pol\u00edcia Militar foi acionada. Missias foi preso em\u00a0flagrante, que confessou espontaneamente o crime.<\/p>\n<p>A Defensoria P\u00fablica apelou, pedindo\u00a0a absolvi\u00e7\u00e3o do apelante, sob a alega\u00e7\u00e3o de aus\u00eancia de provas. A Justi\u00e7a, no entanto, negou provimento ao recurso.\u00a0O\u00a0juiz relator Carlos Lisboa considerou os depoimentos das testemunhas presenciais, al\u00e9m da confiss\u00e3o do r\u00e9u prestada na esfera policial, sendo\u00a0judicializada.<\/p>\n<p>O\u00a0artigo 243 da Lei 8.069\/1990 prev\u00ea: &#8220;Vender, fornecer, servir ministrar ou entregar, ainda que gratuitamente, de qualquer forma, \u00e0 crian\u00e7a ou ao adolescente, bebida alco\u00f3lica ou, sem justa causa, outros produtos cujos componentes possam causar depend\u00eancia f\u00edsica ou ps\u00edquica&#8221;).<\/p>\n<p>ClickPB<\/p>\n<p><strong>Cariri em A\u00e7\u00e3o<\/strong><\/p>\n<p>Leia mais not\u00edcias em\u00a0<a href=\"http:\/\/www.caririemacao.com\/\">caririemacao.com<\/a>, siga nossa p\u00e1gina no\u00a0<a href=\"https:\/\/www.facebook.com\/CaririEmAcao\/?ref=aymt_homepage_panel\">Facebook<\/a>,\u00a0<a href=\"https:\/\/www.instagram.com\/cariri_em_acao\/?hl=pt-br\">Instagram<\/a>\u00a0e\u00a0<a href=\"https:\/\/www.youtube.com\/channel\/UCAptA0jQuYQy8vMhLt2m4qg\">Youtube<\/a>\u00a0e veja nossas mat\u00e9rias, v\u00eddeos e fotos. Voc\u00ea tamb\u00e9m pode enviar informa\u00e7\u00f5es \u00e0 Reda\u00e7\u00e3o do Portal Cariri em A\u00e7\u00e3o pelo WhatsApp (83) 9 9634.5791, (83) 9 9601-1162.<\/p>\n","protected":false},"excerpt":{"rendered":"<p>A C\u00e2mara Criminal do Tribunal de Justi\u00e7a da Para\u00edba manteve decis\u00e3o do Ju\u00edzo da Comarca de Sum\u00e9, que condenou Manuel Missias Francisco Maciel a dois&hellip; <\/p>\n","protected":false},"author":1,"featured_media":66142,"comment_status":"closed","ping_status":"closed","sticky":false,"template":"","format":"standard","meta":{"sfsi_plus_gutenberg_text_before_share":"","sfsi_plus_gutenberg_show_text_before_share":"","sfsi_plus_gutenberg_icon_type":"","sfsi_plus_gutenberg_icon_alignemt":"","sfsi_plus_gutenburg_max_per_row":"","footnotes":""},"categories":[12],"tags":[],"class_list":["post-66141","post","type-post","status-publish","format-standard","has-post-thumbnail","hentry","category-policia"],"_links":{"self":[{"href":"https:\/\/www.caririemacao.com\/1\/wp-json\/wp\/v2\/posts\/66141","targetHints":{"allow":["GET"]}}],"collection":[{"href":"https:\/\/www.caririemacao.com\/1\/wp-json\/wp\/v2\/posts"}],"about":[{"href":"https:\/\/www.caririemacao.com\/1\/wp-json\/wp\/v2\/types\/post"}],"author":[{"embeddable":true,"href":"https:\/\/www.caririemacao.com\/1\/wp-json\/wp\/v2\/users\/1"}],"replies":[{"embeddable":true,"href":"https:\/\/www.caririemacao.com\/1\/wp-json\/wp\/v2\/comments?post=66141"}],"version-history":[{"count":4,"href":"https:\/\/www.caririemacao.com\/1\/wp-json\/wp\/v2\/posts\/66141\/revisions"}],"predecessor-version":[{"id":66153,"href":"https:\/\/www.caririemacao.com\/1\/wp-json\/wp\/v2\/posts\/66141\/revisions\/66153"}],"wp:featuredmedia":[{"embeddable":true,"href":"https:\/\/www.caririemacao.com\/1\/wp-json\/wp\/v2\/media\/66142"}],"wp:attachment":[{"href":"https:\/\/www.caririemacao.com\/1\/wp-json\/wp\/v2\/media?parent=66141"}],"wp:term":[{"taxonomy":"category","embeddable":true,"href":"https:\/\/www.caririemacao.com\/1\/wp-json\/wp\/v2\/categories?post=66141"},{"taxonomy":"post_tag","embeddable":true,"href":"https:\/\/www.caririemacao.com\/1\/wp-json\/wp\/v2\/tags?post=66141"}],"curies":[{"name":"wp","href":"https:\/\/api.w.org\/{rel}","templated":true}]}}