{"id":66156,"date":"2018-09-26T09:11:16","date_gmt":"2018-09-26T12:11:16","guid":{"rendered":"http:\/\/www.caririemacao.com\/1\/?p=66156"},"modified":"2018-09-26T09:11:16","modified_gmt":"2018-09-26T12:11:16","slug":"prefeitura-de-sume-leva-programa-de-protese-dentaria-a-comunidade-rural","status":"publish","type":"post","link":"https:\/\/www.caririemacao.com\/1\/2018\/09\/26\/prefeitura-de-sume-leva-programa-de-protese-dentaria-a-comunidade-rural\/","title":{"rendered":"Prefeitura de Sum\u00e9 leva programa de Pr\u00f3tese Dent\u00e1ria \u00e0 comunidade rural"},"content":{"rendered":"<p>A Secretaria de Sa\u00fade de Sum\u00e9, por meio do Centro de especialidades odontol\u00f3gicas (CEO), vem implementando a\u00e7\u00f5es do \u201cSa\u00fade Bucal\u201d, junto a comunidade do Pio X e circunvizinhas. A iniciativa, que teve in\u00edcio em agosto de 2018, promove tratamento odontol\u00f3gico, acompanhado de pr\u00f3tese dent\u00e1ria a popula\u00e7\u00e3o daquele distrito e adjac\u00eancias, de forma pioneira e gratuita.<\/p>\n<p>Segundo o cirurgi\u00e3o dentista, Dr Oristacio de Sousa, respons\u00e1vel pelos trabalhos odontol\u00f3gicos, na unidade, do Distrito de Pio X, em m\u00e9dia, cerca de 100 pr\u00f3teses, por m\u00eas, s\u00e3o ofertadas aos usu\u00e1rios do programa, naquela regi\u00e3o. Estima-se que at\u00e9 outubro desse ano, toda \u00a0a \u00e1rea em quest\u00e3o seja atendida com essa a\u00e7\u00e3o.<\/p>\n<p>\u201cAo t\u00e9rmino dessa atividade,\u00a0\u2014 que j\u00e1 vem dando muito certo, durante esse per\u00edodo, diga-se, pretendemos estudar a viabilidade de estend\u00ea-la a outras comunidades rurais de nosso munic\u00edpio, a exemplo do S\u00edtio Riacho da Ro\u00e7a, afirmou o cirurgi\u00e3o dentista. A ideia de trazer o programa ao Pio X surgiu da necessidade dos pacientes de nossa unidade, em rela\u00e7\u00e3o a essa demanda de sa\u00fade bucal, enfatizou.<\/p>\n<p>Dr Oristacio disse tamb\u00e9m que esse procedimento j\u00e1 \u00e9 praxe no Centro de Especialidades Odontol\u00f3gicas de Sum\u00e9. \u201cDe posse do diagn\u00f3stico de sa\u00fade bucal, realizado em qualquer um dos nossos PSFs, dependendo da necessidade, logo, \u00e9 feito um encaminhamento para o atendimento prot\u00e9tico no CEO\u201d, disse.<\/p>\n<p>Ascom\/Sum\u00e9<\/p>\n<p>Cariri em A\u00e7\u00e3o<\/p>\n<p>Leia mais not\u00edcias em\u00a0<a href=\"http:\/\/www.caririemacao.com\/\">caririemacao.com<\/a>, siga nossa p\u00e1gina no\u00a0<a href=\"https:\/\/www.facebook.com\/CaririEmAcao\/?ref=aymt_homepage_panel\">Facebook<\/a>,\u00a0<a href=\"https:\/\/www.instagram.com\/cariri_em_acao\/?hl=pt-br\">Instagram<\/a>\u00a0e\u00a0<a href=\"https:\/\/www.youtube.com\/channel\/UCAptA0jQuYQy8vMhLt2m4qg\">Youtube<\/a>\u00a0e veja nossas mat\u00e9rias, v\u00eddeos e fotos. Voc\u00ea tamb\u00e9m pode enviar informa\u00e7\u00f5es \u00e0 Reda\u00e7\u00e3o do Portal Cariri em A\u00e7\u00e3o pelo WhatsApp (83) 9 9634.5791, (83) 9 9601-1162.<\/p>\n","protected":false},"excerpt":{"rendered":"<p>A Secretaria de Sa\u00fade de Sum\u00e9, por meio do Centro de especialidades odontol\u00f3gicas (CEO), vem implementando a\u00e7\u00f5es do \u201cSa\u00fade Bucal\u201d, junto a comunidade do Pio&hellip; <\/p>\n","protected":false},"author":1,"featured_media":66157,"comment_status":"closed","ping_status":"closed","sticky":false,"template":"","format":"standard","meta":{"sfsi_plus_gutenberg_text_before_share":"","sfsi_plus_gutenberg_show_text_before_share":"","sfsi_plus_gutenberg_icon_type":"","sfsi_plus_gutenberg_icon_alignemt":"","sfsi_plus_gutenburg_max_per_row":"","footnotes":""},"categories":[16],"tags":[],"class_list":["post-66156","post","type-post","status-publish","format-standard","has-post-thumbnail","hentry","category-saude"],"_links":{"self":[{"href":"https:\/\/www.caririemacao.com\/1\/wp-json\/wp\/v2\/posts\/66156","targetHints":{"allow":["GET"]}}],"collection":[{"href":"https:\/\/www.caririemacao.com\/1\/wp-json\/wp\/v2\/posts"}],"about":[{"href":"https:\/\/www.caririemacao.com\/1\/wp-json\/wp\/v2\/types\/post"}],"author":[{"embeddable":true,"href":"https:\/\/www.caririemacao.com\/1\/wp-json\/wp\/v2\/users\/1"}],"replies":[{"embeddable":true,"href":"https:\/\/www.caririemacao.com\/1\/wp-json\/wp\/v2\/comments?post=66156"}],"version-history":[{"count":1,"href":"https:\/\/www.caririemacao.com\/1\/wp-json\/wp\/v2\/posts\/66156\/revisions"}],"predecessor-version":[{"id":66158,"href":"https:\/\/www.caririemacao.com\/1\/wp-json\/wp\/v2\/posts\/66156\/revisions\/66158"}],"wp:featuredmedia":[{"embeddable":true,"href":"https:\/\/www.caririemacao.com\/1\/wp-json\/wp\/v2\/media\/66157"}],"wp:attachment":[{"href":"https:\/\/www.caririemacao.com\/1\/wp-json\/wp\/v2\/media?parent=66156"}],"wp:term":[{"taxonomy":"category","embeddable":true,"href":"https:\/\/www.caririemacao.com\/1\/wp-json\/wp\/v2\/categories?post=66156"},{"taxonomy":"post_tag","embeddable":true,"href":"https:\/\/www.caririemacao.com\/1\/wp-json\/wp\/v2\/tags?post=66156"}],"curies":[{"name":"wp","href":"https:\/\/api.w.org\/{rel}","templated":true}]}}