{"id":66162,"date":"2018-09-26T10:51:36","date_gmt":"2018-09-26T13:51:36","guid":{"rendered":"http:\/\/www.caririemacao.com\/1\/?p=66162"},"modified":"2018-09-26T10:52:34","modified_gmt":"2018-09-26T13:52:34","slug":"eden-duarte-recebe-adesao-ao-seu-projeto-politico-em-sume","status":"publish","type":"post","link":"https:\/\/www.caririemacao.com\/1\/2018\/09\/26\/eden-duarte-recebe-adesao-ao-seu-projeto-politico-em-sume\/","title":{"rendered":"\u00c9den Duarte recebe ades\u00e3o ao seu projeto pol\u00edtico em Sum\u00e9"},"content":{"rendered":"<p>O prefeito de Sum\u00e9, \u00c9den Duarte, recebeu na manh\u00e3 desta quarta-feira, dia 26, uma importante ades\u00e3o ao seu projeto pol\u00edtico e para os candidatos nestas elei\u00e7\u00f5es.<\/p>\n<p>Ades\u00e3o \u00e9 do professor pedagogo e educador f\u00edsico Ant\u00f4nio Neto, ex-diretor de esporte na Gest\u00e3o do ex-prefeito Vav\u00e1 Paulino (in memoriam).<\/p>\n<p>Ant\u00f4nio Neto disse ao Cariri em A\u00e7\u00e3o que a partir de hoje veste a camisa do trabalho e que neste grupo, liderado pelo atual prefeito \u00c9den Duarte, seus projetos poder\u00e3o ser executados, contribuindo assim, para melhorar a cada dia a educa\u00e7\u00e3o do munic\u00edpio.<\/p>\n<p>\u201cOutros amigos professores tamb\u00e9m ir\u00e3o acompanhar este projeto que vem dando certo em Sum\u00e9 e na Para\u00edba\u201d, revelou.<\/p>\n","protected":false},"excerpt":{"rendered":"<p>O prefeito de Sum\u00e9, \u00c9den Duarte, recebeu na manh\u00e3 desta quarta-feira, dia 26, uma importante ades\u00e3o ao seu projeto pol\u00edtico e para os candidatos nestas&hellip; <\/p>\n","protected":false},"author":2,"featured_media":66163,"comment_status":"closed","ping_status":"closed","sticky":false,"template":"","format":"standard","meta":{"sfsi_plus_gutenberg_text_before_share":"","sfsi_plus_gutenberg_show_text_before_share":"","sfsi_plus_gutenberg_icon_type":"","sfsi_plus_gutenberg_icon_alignemt":"","sfsi_plus_gutenburg_max_per_row":"","footnotes":""},"categories":[1],"tags":[],"class_list":["post-66162","post","type-post","status-publish","format-standard","has-post-thumbnail","hentry","category-o-site"],"_links":{"self":[{"href":"https:\/\/www.caririemacao.com\/1\/wp-json\/wp\/v2\/posts\/66162","targetHints":{"allow":["GET"]}}],"collection":[{"href":"https:\/\/www.caririemacao.com\/1\/wp-json\/wp\/v2\/posts"}],"about":[{"href":"https:\/\/www.caririemacao.com\/1\/wp-json\/wp\/v2\/types\/post"}],"author":[{"embeddable":true,"href":"https:\/\/www.caririemacao.com\/1\/wp-json\/wp\/v2\/users\/2"}],"replies":[{"embeddable":true,"href":"https:\/\/www.caririemacao.com\/1\/wp-json\/wp\/v2\/comments?post=66162"}],"version-history":[{"count":1,"href":"https:\/\/www.caririemacao.com\/1\/wp-json\/wp\/v2\/posts\/66162\/revisions"}],"predecessor-version":[{"id":66164,"href":"https:\/\/www.caririemacao.com\/1\/wp-json\/wp\/v2\/posts\/66162\/revisions\/66164"}],"wp:featuredmedia":[{"embeddable":true,"href":"https:\/\/www.caririemacao.com\/1\/wp-json\/wp\/v2\/media\/66163"}],"wp:attachment":[{"href":"https:\/\/www.caririemacao.com\/1\/wp-json\/wp\/v2\/media?parent=66162"}],"wp:term":[{"taxonomy":"category","embeddable":true,"href":"https:\/\/www.caririemacao.com\/1\/wp-json\/wp\/v2\/categories?post=66162"},{"taxonomy":"post_tag","embeddable":true,"href":"https:\/\/www.caririemacao.com\/1\/wp-json\/wp\/v2\/tags?post=66162"}],"curies":[{"name":"wp","href":"https:\/\/api.w.org\/{rel}","templated":true}]}}