{"id":66168,"date":"2018-09-26T13:31:03","date_gmt":"2018-09-26T16:31:03","guid":{"rendered":"http:\/\/www.caririemacao.com\/1\/?p=66168"},"modified":"2018-09-26T13:31:03","modified_gmt":"2018-09-26T16:31:03","slug":"kiel-sostenes-e-selecionado-para-consultor-de-importante-empresa-paulista","status":"publish","type":"post","link":"https:\/\/www.caririemacao.com\/1\/2018\/09\/26\/kiel-sostenes-e-selecionado-para-consultor-de-importante-empresa-paulista\/","title":{"rendered":"Kiel S\u00f3stenes \u00e9 selecionado para consultor de importante empresa paulista"},"content":{"rendered":"<p style=\"font-weight: 400;\">O professor, m\u00fasico e atualmente vice prefeito da cidade de Camala\u00fa \u2013 Ezequiel S\u00f3stenes (Kiel), foi selecionado entre v\u00e1rios professores no Brasil para ser consultor da empresa paulista Intelig\u00eancia Relacional, uma organiza\u00e7\u00e3o sediada em Ribeir\u00e3o Preto (SP), que atua na \u00e1rea de desenvolvimento humano desde 1992, pioneira na sistematiza\u00e7\u00e3o de conte\u00fados de Educa\u00e7\u00e3o Emocional e Social.<\/p>\n<p style=\"font-weight: 400;\">\u00a0\u201cAinda nesta semana, estaremos contribuindo com a forma\u00e7\u00e3o de professores do litoral pernambucano e compartilhando das nossas experi\u00eancias enquanto docente no Brasil e no exterior. Tenho o orgulho de representar o nosso munic\u00edpio e uma tradi\u00e7\u00e3o familiar de dedica\u00e7\u00e3o exclusiva ao desenvolvimento do nosso povo por meio da educa\u00e7\u00e3o.\u201d, disse o professor .<\/p>\n<p style=\"font-weight: 400;\">CAMALAU NOTICIAS<\/p>\n<p>Cariri Em A\u00e7\u00e3o<\/p>\n<p>Leia mais not\u00edcias em\u00a0<a href=\"http:\/\/www.caririemacao.com\/\">caririemacao.com<\/a>, siga nossa p\u00e1gina no\u00a0<a href=\"https:\/\/www.facebook.com\/CaririEmAcao\/?ref=aymt_homepage_panel\">Facebook<\/a>,\u00a0<a href=\"https:\/\/www.instagram.com\/cariri_em_acao\/?hl=pt-br\">Instagram<\/a>\u00a0e\u00a0<a href=\"https:\/\/www.youtube.com\/channel\/UCAptA0jQuYQy8vMhLt2m4qg\">Youtube<\/a>\u00a0e veja nossas mat\u00e9rias, v\u00eddeos e fotos. Voc\u00ea tamb\u00e9m pode enviar informa\u00e7\u00f5es \u00e0 Reda\u00e7\u00e3o do Portal Cariri em A\u00e7\u00e3o pelo WhatsApp (83) 9 9634.5791, (83) 9 9601-1162.<\/p>\n","protected":false},"excerpt":{"rendered":"<p>O professor, m\u00fasico e atualmente vice prefeito da cidade de Camala\u00fa \u2013 Ezequiel S\u00f3stenes (Kiel), foi selecionado entre v\u00e1rios professores no Brasil para ser consultor&hellip; <\/p>\n","protected":false},"author":1,"featured_media":66169,"comment_status":"closed","ping_status":"closed","sticky":false,"template":"","format":"standard","meta":{"sfsi_plus_gutenberg_text_before_share":"","sfsi_plus_gutenberg_show_text_before_share":"","sfsi_plus_gutenberg_icon_type":"","sfsi_plus_gutenberg_icon_alignemt":"","sfsi_plus_gutenburg_max_per_row":"","footnotes":""},"categories":[2],"tags":[],"class_list":["post-66168","post","type-post","status-publish","format-standard","has-post-thumbnail","hentry","category-geral"],"_links":{"self":[{"href":"https:\/\/www.caririemacao.com\/1\/wp-json\/wp\/v2\/posts\/66168","targetHints":{"allow":["GET"]}}],"collection":[{"href":"https:\/\/www.caririemacao.com\/1\/wp-json\/wp\/v2\/posts"}],"about":[{"href":"https:\/\/www.caririemacao.com\/1\/wp-json\/wp\/v2\/types\/post"}],"author":[{"embeddable":true,"href":"https:\/\/www.caririemacao.com\/1\/wp-json\/wp\/v2\/users\/1"}],"replies":[{"embeddable":true,"href":"https:\/\/www.caririemacao.com\/1\/wp-json\/wp\/v2\/comments?post=66168"}],"version-history":[{"count":1,"href":"https:\/\/www.caririemacao.com\/1\/wp-json\/wp\/v2\/posts\/66168\/revisions"}],"predecessor-version":[{"id":66170,"href":"https:\/\/www.caririemacao.com\/1\/wp-json\/wp\/v2\/posts\/66168\/revisions\/66170"}],"wp:featuredmedia":[{"embeddable":true,"href":"https:\/\/www.caririemacao.com\/1\/wp-json\/wp\/v2\/media\/66169"}],"wp:attachment":[{"href":"https:\/\/www.caririemacao.com\/1\/wp-json\/wp\/v2\/media?parent=66168"}],"wp:term":[{"taxonomy":"category","embeddable":true,"href":"https:\/\/www.caririemacao.com\/1\/wp-json\/wp\/v2\/categories?post=66168"},{"taxonomy":"post_tag","embeddable":true,"href":"https:\/\/www.caririemacao.com\/1\/wp-json\/wp\/v2\/tags?post=66168"}],"curies":[{"name":"wp","href":"https:\/\/api.w.org\/{rel}","templated":true}]}}