{"id":66171,"date":"2018-09-26T13:34:18","date_gmt":"2018-09-26T16:34:18","guid":{"rendered":"http:\/\/www.caririemacao.com\/1\/?p=66171"},"modified":"2018-09-26T13:34:18","modified_gmt":"2018-09-26T16:34:18","slug":"o-povo-vai-continuar-no-poder-em-2019-diz-joao-durante-caravana-em-joao-pessoa","status":"publish","type":"post","link":"https:\/\/www.caririemacao.com\/1\/2018\/09\/26\/o-povo-vai-continuar-no-poder-em-2019-diz-joao-durante-caravana-em-joao-pessoa\/","title":{"rendered":"\u201cO povo vai continuar no poder em 2019\u201d, diz Jo\u00e3o durante caravana em Jo\u00e3o Pessoa"},"content":{"rendered":"<p>\u201cN\u00e3o tenho d\u00favida, a vit\u00f3ria est\u00e1 pr\u00f3xima\u201d. A afirma\u00e7\u00e3o do candidato do PSB ao Governo do Estado, Jo\u00e3o Azev\u00eado, deu o tom entusiasmado da Caravana do Trabalho pelo bairro Mangabeira, na noite desta ter\u00e7a-feira (25). Acompanhado pelos candidatos ao Senado Veneziano Vital do R\u00eago e Luiz Couto (PT), Jo\u00e3o foi saudado e recebeu votos de vit\u00f3ria da popula\u00e7\u00e3o.<\/p>\n<p>\u201cEstar com voc\u00eas caminhando aqui hoje, pode ter certeza, que nos d\u00e1 a garantia de que no dia 7, \u00e0s 17 horas, vamos estar cravando a vit\u00f3ria e continuar fazendo com que esse estado continue independente. O povo vai continuar no poder em 2019. Porque voc\u00eas querem, porque a Para\u00edba decidiu que assim \u00e9 o melhor para todo mundo, \u00e9 o 40\u201d, afirmou Jo\u00e3o.<\/p>\n<p>N\u00e3o foi dia de prestar contas ou falar sobre as obras e a\u00e7\u00f5es do Estado, porque, de acordo com Jo\u00e3o, isso o povo paraibano j\u00e1 sabe, a Para\u00edba inteira tem conhecimento do que foi realizado pelo governador Ricardo Coutinho. \u201c\u00c9 momento de agradecer. Agradecer por hoje, por ontem, por todos os dias que fazemos festas como essa por todos os cantos da Para\u00edba\u201d, declarou Jo\u00e3o.<\/p>\n<p>Conforme o socialista, a Para\u00edba sabe do que precisa e compreende efetivamente como vai votar no dia 7 de outubro para o estado seguir avan\u00e7ando. \u201cMeu nome virou \u2018Jo\u00e3o 40\u2019, vamos eleger o projeto do 40, para manter e conservar a dignidade dos paraibanos\u201d, ressaltou.<\/p>\n<p>Jo\u00e3o ainda destacou a import\u00e2ncia de eleger a chapa completa \u2013 Jo\u00e3o governador, Veneziano e Luiz Couto senadores. Para ele, a cada tecla \u2018confirma\u2019, vai junto um voto de esperan\u00e7a e futuro melhor, e isso vai ser otimizado com os votos na chapa fechada.<\/p>\n<p>Estiveram acompanhando Jo\u00e3o na caravana, os candidatos a deputado estadual Cida Ramos (PSB), Danielle Bronzeado (PDT), Jo\u00e3o Gon\u00e7alves (Podemos), An\u00edbal Marcolino (Avante) e Raoni Mendes (DEM).<\/p>\n<p>Blog Bruno Lira<\/p>\n<p>Cariri Em A\u00e7\u00e3o<\/p>\n<p>Leia mais not\u00edcias em\u00a0<a href=\"http:\/\/www.caririemacao.com\/\">caririemacao.com<\/a>, siga nossa p\u00e1gina no\u00a0<a href=\"https:\/\/www.facebook.com\/CaririEmAcao\/?ref=aymt_homepage_panel\">Facebook<\/a>,\u00a0<a href=\"https:\/\/www.instagram.com\/cariri_em_acao\/?hl=pt-br\">Instagram<\/a>\u00a0e\u00a0<a href=\"https:\/\/www.youtube.com\/channel\/UCAptA0jQuYQy8vMhLt2m4qg\">Youtube<\/a>\u00a0e veja nossas mat\u00e9rias, v\u00eddeos e fotos. Voc\u00ea tamb\u00e9m pode enviar informa\u00e7\u00f5es \u00e0 Reda\u00e7\u00e3o do Portal Cariri em A\u00e7\u00e3o pelo WhatsApp (83) 9 9634.5791, (83) 9 9601-1162.<\/p>\n","protected":false},"excerpt":{"rendered":"<p>\u201cN\u00e3o tenho d\u00favida, a vit\u00f3ria est\u00e1 pr\u00f3xima\u201d. A afirma\u00e7\u00e3o do candidato do PSB ao Governo do Estado, Jo\u00e3o Azev\u00eado, deu o tom entusiasmado da Caravana&hellip; <\/p>\n","protected":false},"author":1,"featured_media":66172,"comment_status":"closed","ping_status":"closed","sticky":false,"template":"","format":"standard","meta":{"sfsi_plus_gutenberg_text_before_share":"","sfsi_plus_gutenberg_show_text_before_share":"","sfsi_plus_gutenberg_icon_type":"","sfsi_plus_gutenberg_icon_alignemt":"","sfsi_plus_gutenburg_max_per_row":"","footnotes":""},"categories":[1],"tags":[],"class_list":["post-66171","post","type-post","status-publish","format-standard","has-post-thumbnail","hentry","category-o-site"],"_links":{"self":[{"href":"https:\/\/www.caririemacao.com\/1\/wp-json\/wp\/v2\/posts\/66171","targetHints":{"allow":["GET"]}}],"collection":[{"href":"https:\/\/www.caririemacao.com\/1\/wp-json\/wp\/v2\/posts"}],"about":[{"href":"https:\/\/www.caririemacao.com\/1\/wp-json\/wp\/v2\/types\/post"}],"author":[{"embeddable":true,"href":"https:\/\/www.caririemacao.com\/1\/wp-json\/wp\/v2\/users\/1"}],"replies":[{"embeddable":true,"href":"https:\/\/www.caririemacao.com\/1\/wp-json\/wp\/v2\/comments?post=66171"}],"version-history":[{"count":1,"href":"https:\/\/www.caririemacao.com\/1\/wp-json\/wp\/v2\/posts\/66171\/revisions"}],"predecessor-version":[{"id":66173,"href":"https:\/\/www.caririemacao.com\/1\/wp-json\/wp\/v2\/posts\/66171\/revisions\/66173"}],"wp:featuredmedia":[{"embeddable":true,"href":"https:\/\/www.caririemacao.com\/1\/wp-json\/wp\/v2\/media\/66172"}],"wp:attachment":[{"href":"https:\/\/www.caririemacao.com\/1\/wp-json\/wp\/v2\/media?parent=66171"}],"wp:term":[{"taxonomy":"category","embeddable":true,"href":"https:\/\/www.caririemacao.com\/1\/wp-json\/wp\/v2\/categories?post=66171"},{"taxonomy":"post_tag","embeddable":true,"href":"https:\/\/www.caririemacao.com\/1\/wp-json\/wp\/v2\/tags?post=66171"}],"curies":[{"name":"wp","href":"https:\/\/api.w.org\/{rel}","templated":true}]}}