{"id":66174,"date":"2018-09-26T13:37:03","date_gmt":"2018-09-26T16:37:03","guid":{"rendered":"http:\/\/www.caririemacao.com\/1\/?p=66174"},"modified":"2018-09-26T13:37:03","modified_gmt":"2018-09-26T16:37:03","slug":"tribunal-de-justica-da-pb-revoga-prisao-do-radialista-fabiano-gomes","status":"publish","type":"post","link":"https:\/\/www.caririemacao.com\/1\/2018\/09\/26\/tribunal-de-justica-da-pb-revoga-prisao-do-radialista-fabiano-gomes\/","title":{"rendered":"Tribunal de Justi\u00e7a da PB revoga pris\u00e3o do radialista Fabiano Gomes"},"content":{"rendered":"<p>O Pleno do Tribunal de Justi\u00e7a da Para\u00edba revogou, por maioria de votos, a pris\u00e3o do radialista Fabiano Gomes, que deve deixar o pres\u00eddio PB-1 at\u00e9 o in\u00edcio da tarde desta quarta-feira (26). Nove desembargadores consideraram desproporcional a pris\u00e3o do comunicador e se posicionaram por conceder liberdade a ele. A sess\u00e3o que apreciou o agravo interno ocorreu na manh\u00e3 de hoje.<\/p>\n<p>O relator do processo, desembargador Jo\u00e3o Benedito, votou por manter a pris\u00e3o e foi seguido pelo juiz convocado Miguel de Brito. No entanto, os demais componentes do Pleno entenderam que a medida \u00e9 desproporcional e acrescentaram que no caso de Fabiano Gomes houve aus\u00eancia de intima\u00e7\u00e3o pr\u00e9via sobre o descumprimento de medida cautelar aplicada a ele.<\/p>\n<p>\u201cQuebrou o contradit\u00f3rio pr\u00e9vio. \u00c9 obrigat\u00f3rio que se intime para que haja uma justificativa\u201d, explicou o advogado Sheyner Asfora, um dos respons\u00e1veis pela defesa do radialista, ao\u00a0<strong>Portal MaisPB<\/strong>. As medidas cautelares aplicadas anteriormente a Fabiano Gomes foram restabelecidas.<\/p>\n<p>Asfora explicou que o comunicador apresenta estado de sa\u00fade debilitado e deve ser internado em um hospital para avalia\u00e7\u00e3o m\u00e9dica t\u00e3o logo deixe o pres\u00eddio.<\/p>\n<p>Blog Bruno Lira<\/p>\n<p>Cariri Em A\u00e7\u00e3o<\/p>\n<p>Leia mais not\u00edcias em\u00a0<a href=\"http:\/\/www.caririemacao.com\/\">caririemacao.com<\/a>, siga nossa p\u00e1gina no\u00a0<a href=\"https:\/\/www.facebook.com\/CaririEmAcao\/?ref=aymt_homepage_panel\">Facebook<\/a>,\u00a0<a href=\"https:\/\/www.instagram.com\/cariri_em_acao\/?hl=pt-br\">Instagram<\/a>\u00a0e\u00a0<a href=\"https:\/\/www.youtube.com\/channel\/UCAptA0jQuYQy8vMhLt2m4qg\">Youtube<\/a>\u00a0e veja nossas mat\u00e9rias, v\u00eddeos e fotos. Voc\u00ea tamb\u00e9m pode enviar informa\u00e7\u00f5es \u00e0 Reda\u00e7\u00e3o do Portal Cariri em A\u00e7\u00e3o pelo WhatsApp (83) 9 9634.5791, (83) 9 9601-1162.<\/p>\n","protected":false},"excerpt":{"rendered":"<p>O Pleno do Tribunal de Justi\u00e7a da Para\u00edba revogou, por maioria de votos, a pris\u00e3o do radialista Fabiano Gomes, que deve deixar o pres\u00eddio PB-1&hellip; <\/p>\n","protected":false},"author":1,"featured_media":62500,"comment_status":"closed","ping_status":"closed","sticky":false,"template":"","format":"standard","meta":{"sfsi_plus_gutenberg_text_before_share":"","sfsi_plus_gutenberg_show_text_before_share":"","sfsi_plus_gutenberg_icon_type":"","sfsi_plus_gutenberg_icon_alignemt":"","sfsi_plus_gutenburg_max_per_row":"","footnotes":""},"categories":[2],"tags":[],"class_list":["post-66174","post","type-post","status-publish","format-standard","has-post-thumbnail","hentry","category-geral"],"_links":{"self":[{"href":"https:\/\/www.caririemacao.com\/1\/wp-json\/wp\/v2\/posts\/66174","targetHints":{"allow":["GET"]}}],"collection":[{"href":"https:\/\/www.caririemacao.com\/1\/wp-json\/wp\/v2\/posts"}],"about":[{"href":"https:\/\/www.caririemacao.com\/1\/wp-json\/wp\/v2\/types\/post"}],"author":[{"embeddable":true,"href":"https:\/\/www.caririemacao.com\/1\/wp-json\/wp\/v2\/users\/1"}],"replies":[{"embeddable":true,"href":"https:\/\/www.caririemacao.com\/1\/wp-json\/wp\/v2\/comments?post=66174"}],"version-history":[{"count":1,"href":"https:\/\/www.caririemacao.com\/1\/wp-json\/wp\/v2\/posts\/66174\/revisions"}],"predecessor-version":[{"id":66175,"href":"https:\/\/www.caririemacao.com\/1\/wp-json\/wp\/v2\/posts\/66174\/revisions\/66175"}],"wp:featuredmedia":[{"embeddable":true,"href":"https:\/\/www.caririemacao.com\/1\/wp-json\/wp\/v2\/media\/62500"}],"wp:attachment":[{"href":"https:\/\/www.caririemacao.com\/1\/wp-json\/wp\/v2\/media?parent=66174"}],"wp:term":[{"taxonomy":"category","embeddable":true,"href":"https:\/\/www.caririemacao.com\/1\/wp-json\/wp\/v2\/categories?post=66174"},{"taxonomy":"post_tag","embeddable":true,"href":"https:\/\/www.caririemacao.com\/1\/wp-json\/wp\/v2\/tags?post=66174"}],"curies":[{"name":"wp","href":"https:\/\/api.w.org\/{rel}","templated":true}]}}