{"id":66176,"date":"2018-09-26T13:40:15","date_gmt":"2018-09-26T16:40:15","guid":{"rendered":"http:\/\/www.caririemacao.com\/1\/?p=66176"},"modified":"2018-09-26T13:40:15","modified_gmt":"2018-09-26T16:40:15","slug":"ex-atacante-do-palmeiras-acerta-como-tecnico-do-treze-para-2019","status":"publish","type":"post","link":"https:\/\/www.caririemacao.com\/1\/2018\/09\/26\/ex-atacante-do-palmeiras-acerta-como-tecnico-do-treze-para-2019\/","title":{"rendered":"Ex-atacante do Palmeiras acerta como t\u00e9cnico do Treze para 2019"},"content":{"rendered":"<p>A diretoria do Treze deve confirmar nas pr\u00f3ximas horas o nome do treinador que vai comandar a equipe na temporada de 2019.<\/p>\n<p>E o profissional escolhido \u00e9 o brasiliense Maur\u00edlio Silva, de 48 anos, ex-atacante que marcou \u00e9poca no Palmeiras, na d\u00e9cada de 1990, e que acumula passagens por Paran\u00e1, Goi\u00e1s, Cear\u00e1, Fortaleza, Gr\u00eamio, dentre outros clubes.<\/p>\n<p>Seu \u00faltimo trabalho foi no Ferrovi\u00e1rio-CE. Ele deixou o clube em meio ao andamento da S\u00e9rie D 2018, competi\u00e7\u00e3o vencida pelo pr\u00f3prio Tubar\u00e3o da Barra contra o Treze.<\/p>\n<p>Maur\u00edlio Silva iniciou sua carreira no futebol do Nordeste h\u00e1 oito anos, registrando trabalhos no futebol do Cear\u00e1, em Pernambuco, Alagoas e Rio Grande do Norte. Ser\u00e1 a primeira passagem do treinador numa equipe da Para\u00edba.<\/p>\n<p>Mesmo com processo eleitoral em andamento para escolha das novas diretorias do Conselho Deliberativo e da Executiva, o Galo iniciou o planejamento para o ano que vem algumas semanas ap\u00f3s o t\u00e9rmino da S\u00e9rie D, anunciando renova\u00e7\u00f5es com o goleiro Mauro Iguatu, os volantes Carlos Coppetti e Elielton, al\u00e9m da manuten\u00e7\u00e3o da maioria dos atletas da base.<\/p>\n<p>Em 2019, sob o comando de Maur\u00edlio Silva, o Treze vai disputar o Campeonato Paraibano e a S\u00e9rie C do Brasileiro.<\/p>\n<p>Cariri Em A\u00e7\u00e3o<\/p>\n<p>Leia mais not\u00edcias em\u00a0<a href=\"http:\/\/www.caririemacao.com\/\">caririemacao.com<\/a>, siga nossa p\u00e1gina no\u00a0<a href=\"https:\/\/www.facebook.com\/CaririEmAcao\/?ref=aymt_homepage_panel\">Facebook<\/a>,\u00a0<a href=\"https:\/\/www.instagram.com\/cariri_em_acao\/?hl=pt-br\">Instagram<\/a>\u00a0e\u00a0<a href=\"https:\/\/www.youtube.com\/channel\/UCAptA0jQuYQy8vMhLt2m4qg\">Youtube<\/a>\u00a0e veja nossas mat\u00e9rias, v\u00eddeos e fotos. Voc\u00ea tamb\u00e9m pode enviar informa\u00e7\u00f5es \u00e0 Reda\u00e7\u00e3o do Portal Cariri em A\u00e7\u00e3o pelo WhatsApp (83) 9 9634.5791, (83) 9 9601-1162.<\/p>\n","protected":false},"excerpt":{"rendered":"<p>A diretoria do Treze deve confirmar nas pr\u00f3ximas horas o nome do treinador que vai comandar a equipe na temporada de 2019. E o profissional&hellip; <\/p>\n","protected":false},"author":1,"featured_media":66181,"comment_status":"closed","ping_status":"closed","sticky":false,"template":"","format":"standard","meta":{"sfsi_plus_gutenberg_text_before_share":"","sfsi_plus_gutenberg_show_text_before_share":"","sfsi_plus_gutenberg_icon_type":"","sfsi_plus_gutenberg_icon_alignemt":"","sfsi_plus_gutenburg_max_per_row":"","footnotes":""},"categories":[13],"tags":[],"class_list":["post-66176","post","type-post","status-publish","format-standard","has-post-thumbnail","hentry","category-esportes"],"_links":{"self":[{"href":"https:\/\/www.caririemacao.com\/1\/wp-json\/wp\/v2\/posts\/66176","targetHints":{"allow":["GET"]}}],"collection":[{"href":"https:\/\/www.caririemacao.com\/1\/wp-json\/wp\/v2\/posts"}],"about":[{"href":"https:\/\/www.caririemacao.com\/1\/wp-json\/wp\/v2\/types\/post"}],"author":[{"embeddable":true,"href":"https:\/\/www.caririemacao.com\/1\/wp-json\/wp\/v2\/users\/1"}],"replies":[{"embeddable":true,"href":"https:\/\/www.caririemacao.com\/1\/wp-json\/wp\/v2\/comments?post=66176"}],"version-history":[{"count":1,"href":"https:\/\/www.caririemacao.com\/1\/wp-json\/wp\/v2\/posts\/66176\/revisions"}],"predecessor-version":[{"id":66182,"href":"https:\/\/www.caririemacao.com\/1\/wp-json\/wp\/v2\/posts\/66176\/revisions\/66182"}],"wp:featuredmedia":[{"embeddable":true,"href":"https:\/\/www.caririemacao.com\/1\/wp-json\/wp\/v2\/media\/66181"}],"wp:attachment":[{"href":"https:\/\/www.caririemacao.com\/1\/wp-json\/wp\/v2\/media?parent=66176"}],"wp:term":[{"taxonomy":"category","embeddable":true,"href":"https:\/\/www.caririemacao.com\/1\/wp-json\/wp\/v2\/categories?post=66176"},{"taxonomy":"post_tag","embeddable":true,"href":"https:\/\/www.caririemacao.com\/1\/wp-json\/wp\/v2\/tags?post=66176"}],"curies":[{"name":"wp","href":"https:\/\/api.w.org\/{rel}","templated":true}]}}