{"id":66183,"date":"2018-09-26T13:43:21","date_gmt":"2018-09-26T16:43:21","guid":{"rendered":"http:\/\/www.caririemacao.com\/1\/?p=66183"},"modified":"2018-09-26T13:43:21","modified_gmt":"2018-09-26T16:43:21","slug":"dodge-decide-nao-denunciar-temer-ao-stf","status":"publish","type":"post","link":"https:\/\/www.caririemacao.com\/1\/2018\/09\/26\/dodge-decide-nao-denunciar-temer-ao-stf\/","title":{"rendered":"Dodge decide n\u00e3o denunciar Temer ao STF"},"content":{"rendered":"<p><img fetchpriority=\"high\" decoding=\"async\" class=\"alignleft size-medium wp-image-23335\" src=\"http:\/\/www.vitrinedocariri.com.br\/wp-content\/uploads\/2018\/09\/003-25-300x188.jpg\" alt=\"\" width=\"300\" height=\"188\" \/>A procuradora-geral da Rep\u00fablica, Raquel Dodge, pediu nesta ter\u00e7a-feira (25) ao Supremo Tribunal Federal (STF) para suspender o inqu\u00e9rito que investiga o presidente Michel Temer por supostos repasses ilegais da Odebrecht ao MDB.<\/p>\n<p>Ao pedir a suspens\u00e3o do inqu\u00e9rito, Dodge decidiu n\u00e3o denunciar o presidente e deixar o caso parado at\u00e9 que o mandato de Temer termine. A partir de 1\u00ba de janeiro, portanto, a investiga\u00e7\u00e3o poder\u00e1 prosseguir na primeira inst\u00e2ncia da Justi\u00e7a.<\/p>\n<p>No relat\u00f3rio em que informou ao Supremo as conclus\u00f5es do inqu\u00e9rito, a Pol\u00edcia Federal apontou ind\u00edcios de corrup\u00e7\u00e3o passiva e lavagem de dinheiro por parte de Temer.<\/p>\n<p>Diante do que foi informado pela PF, o relator do caso, Luiz Edson Fachin, deu prazo de 15 dias para a procuradora-geral se manifestar.<\/p>\n<p>Raquel Dodge, ent\u00e3o, entendeu que deve-se aplicar a imunidade tempor\u00e1ria a Temer porque as suspeitas se referem a antes do mandato. E a Constitui\u00e7\u00e3o impede que um presidente responda por fatos anteriores.<\/p>\n<p><strong>Entenda<\/strong><\/p>\n<p>O inqu\u00e9rito se refere a um jantar no Pal\u00e1cio do Jaburu em maio de 2014 em que, segundo delatores, Temer acertou o repasse il\u00edcito de R$ 10 milh\u00f5es da Odebrecht ao MDB.<\/p>\n<p>Tamb\u00e9m h\u00e1 suspeitas de propina para ajudar a Odebercht na Secretaria de Avia\u00e7\u00e3o Civil. Tamb\u00e9m s\u00e3o investigados os ministros Eliseu Padilha (Casa Civil) e Moreira Franco (Minas e Energia), ambos do MDB e ex-chefes da pasta da avia\u00e7\u00e3o.<\/p>\n<p>Dodge poderia ter denunciado o presidente, mas teria que pedir para o caso ficar suspenso at\u00e9 o fim do mandato porque o presidente n\u00e3o pode responder por esses fatos. No entanto, ela entendeu que nem mesmo a den\u00fancia poderia ser oferecida.<\/p>\n<p>A procuradora tamb\u00e9m pediu que as suspeitas em rela\u00e7\u00e3o aos ministros Eliseu Padilha e Moreira Franco sejam remetidas \u00e0 Justi\u00e7a Federal do Distrito Federal, para que o MPF que atua na primeira inst\u00e2ncia analise o relat\u00f3rio da PF e decida como proceder. Isso porque, conforme Raquel Dodge, os fatos n\u00e3o t\u00eam rela\u00e7\u00e3o com o cargo e nem foram cometidos durante o mandato.<\/p>\n<p>Cariri Em A\u00e7\u00e3o<\/p>\n<p>Leia mais not\u00edcias em\u00a0<a href=\"http:\/\/www.caririemacao.com\/\">caririemacao.com<\/a>, siga nossa p\u00e1gina no\u00a0<a href=\"https:\/\/www.facebook.com\/CaririEmAcao\/?ref=aymt_homepage_panel\">Facebook<\/a>,\u00a0<a href=\"https:\/\/www.instagram.com\/cariri_em_acao\/?hl=pt-br\">Instagram<\/a>\u00a0e\u00a0<a href=\"https:\/\/www.youtube.com\/channel\/UCAptA0jQuYQy8vMhLt2m4qg\">Youtube<\/a>\u00a0e veja nossas mat\u00e9rias, v\u00eddeos e fotos. Voc\u00ea tamb\u00e9m pode enviar informa\u00e7\u00f5es \u00e0 Reda\u00e7\u00e3o do Portal Cariri em A\u00e7\u00e3o pelo WhatsApp (83) 9 9634.5791, (83) 9 9601-1162.<\/p>\n","protected":false},"excerpt":{"rendered":"<p>A procuradora-geral da Rep\u00fablica, Raquel Dodge, pediu nesta ter\u00e7a-feira (25) ao Supremo Tribunal Federal (STF) para suspender o inqu\u00e9rito que investiga o presidente Michel Temer&hellip; <\/p>\n","protected":false},"author":1,"featured_media":28293,"comment_status":"closed","ping_status":"closed","sticky":false,"template":"","format":"standard","meta":{"sfsi_plus_gutenberg_text_before_share":"","sfsi_plus_gutenberg_show_text_before_share":"","sfsi_plus_gutenberg_icon_type":"","sfsi_plus_gutenberg_icon_alignemt":"","sfsi_plus_gutenburg_max_per_row":"","footnotes":""},"categories":[11],"tags":[],"class_list":["post-66183","post","type-post","status-publish","format-standard","has-post-thumbnail","hentry","category-politica"],"_links":{"self":[{"href":"https:\/\/www.caririemacao.com\/1\/wp-json\/wp\/v2\/posts\/66183","targetHints":{"allow":["GET"]}}],"collection":[{"href":"https:\/\/www.caririemacao.com\/1\/wp-json\/wp\/v2\/posts"}],"about":[{"href":"https:\/\/www.caririemacao.com\/1\/wp-json\/wp\/v2\/types\/post"}],"author":[{"embeddable":true,"href":"https:\/\/www.caririemacao.com\/1\/wp-json\/wp\/v2\/users\/1"}],"replies":[{"embeddable":true,"href":"https:\/\/www.caririemacao.com\/1\/wp-json\/wp\/v2\/comments?post=66183"}],"version-history":[{"count":1,"href":"https:\/\/www.caririemacao.com\/1\/wp-json\/wp\/v2\/posts\/66183\/revisions"}],"predecessor-version":[{"id":66184,"href":"https:\/\/www.caririemacao.com\/1\/wp-json\/wp\/v2\/posts\/66183\/revisions\/66184"}],"wp:featuredmedia":[{"embeddable":true,"href":"https:\/\/www.caririemacao.com\/1\/wp-json\/wp\/v2\/media\/28293"}],"wp:attachment":[{"href":"https:\/\/www.caririemacao.com\/1\/wp-json\/wp\/v2\/media?parent=66183"}],"wp:term":[{"taxonomy":"category","embeddable":true,"href":"https:\/\/www.caririemacao.com\/1\/wp-json\/wp\/v2\/categories?post=66183"},{"taxonomy":"post_tag","embeddable":true,"href":"https:\/\/www.caririemacao.com\/1\/wp-json\/wp\/v2\/tags?post=66183"}],"curies":[{"name":"wp","href":"https:\/\/api.w.org\/{rel}","templated":true}]}}