{"id":66185,"date":"2018-09-26T13:47:10","date_gmt":"2018-09-26T16:47:10","guid":{"rendered":"http:\/\/www.caririemacao.com\/1\/?p=66185"},"modified":"2018-09-26T13:47:10","modified_gmt":"2018-09-26T16:47:10","slug":"mpf-vai-investigar-pastor-estevam-por-palanque-eleitoral-em-igreja-para-jair-bolsonaro","status":"publish","type":"post","link":"https:\/\/www.caririemacao.com\/1\/2018\/09\/26\/mpf-vai-investigar-pastor-estevam-por-palanque-eleitoral-em-igreja-para-jair-bolsonaro\/","title":{"rendered":"MPF vai investigar Pastor Estevam por &#8220;palanque eleitoral&#8221; em igreja para Jair Bolsonaro"},"content":{"rendered":"<p>O Minist\u00e9rio P\u00fablico Federal (MPF) na Para\u00edba instaurou um procedimento eleitoral para investigar poss\u00edveis irregularidades cometidas pelo pastor da 1\u00aa Igreja Batista de Jo\u00e3o Pessoa, Estevam Fernandes, em favor do candidato \u00e0 Presid\u00eancia da Rep\u00fablica Jair Bolsonaro (PSL).<\/p>\n<p>A portaria, assinada pelo procurador regional eleitoral Victor Veggi e publicada na edi\u00e7\u00e3o desta quarta-feira (26) do Di\u00e1rio Oficial Eletr\u00f4nico do MPF, afirma que o l\u00edder religioso teria utilizado o culto no templo religioso como \u201cpalanque eleitoral\u201d para pedir votos para o presidenci\u00e1vel.<\/p>\n<p>Dessa forma, o pastor Estevam tem cinco dias para se manifestar junto ao MPF sobre o procedimento. O prazo para que a investiga\u00e7\u00e3o seja encerrada \u00e9 de 60 dias.<\/p>\n<p>Blog do Goridinho<\/p>\n<p>Cariri Em A\u00e7\u00e3o<\/p>\n<p>Leia mais not\u00edcias em\u00a0<a href=\"http:\/\/www.caririemacao.com\/\">caririemacao.com<\/a>, siga nossa p\u00e1gina no\u00a0<a href=\"https:\/\/www.facebook.com\/CaririEmAcao\/?ref=aymt_homepage_panel\">Facebook<\/a>,\u00a0<a href=\"https:\/\/www.instagram.com\/cariri_em_acao\/?hl=pt-br\">Instagram<\/a>\u00a0e\u00a0<a href=\"https:\/\/www.youtube.com\/channel\/UCAptA0jQuYQy8vMhLt2m4qg\">Youtube<\/a>\u00a0e veja nossas mat\u00e9rias, v\u00eddeos e fotos. Voc\u00ea tamb\u00e9m pode enviar informa\u00e7\u00f5es \u00e0 Reda\u00e7\u00e3o do Portal Cariri em A\u00e7\u00e3o pelo WhatsApp (83) 9 9634.5791, (83) 9 9601-1162.<\/p>\n<p>&nbsp;<\/p>\n","protected":false},"excerpt":{"rendered":"<p>O Minist\u00e9rio P\u00fablico Federal (MPF) na Para\u00edba instaurou um procedimento eleitoral para investigar poss\u00edveis irregularidades cometidas pelo pastor da 1\u00aa Igreja Batista de Jo\u00e3o Pessoa,&hellip; <\/p>\n","protected":false},"author":1,"featured_media":42016,"comment_status":"closed","ping_status":"closed","sticky":false,"template":"","format":"standard","meta":{"sfsi_plus_gutenberg_text_before_share":"","sfsi_plus_gutenberg_show_text_before_share":"","sfsi_plus_gutenberg_icon_type":"","sfsi_plus_gutenberg_icon_alignemt":"","sfsi_plus_gutenburg_max_per_row":"","footnotes":""},"categories":[1],"tags":[],"class_list":["post-66185","post","type-post","status-publish","format-standard","has-post-thumbnail","hentry","category-o-site"],"_links":{"self":[{"href":"https:\/\/www.caririemacao.com\/1\/wp-json\/wp\/v2\/posts\/66185","targetHints":{"allow":["GET"]}}],"collection":[{"href":"https:\/\/www.caririemacao.com\/1\/wp-json\/wp\/v2\/posts"}],"about":[{"href":"https:\/\/www.caririemacao.com\/1\/wp-json\/wp\/v2\/types\/post"}],"author":[{"embeddable":true,"href":"https:\/\/www.caririemacao.com\/1\/wp-json\/wp\/v2\/users\/1"}],"replies":[{"embeddable":true,"href":"https:\/\/www.caririemacao.com\/1\/wp-json\/wp\/v2\/comments?post=66185"}],"version-history":[{"count":1,"href":"https:\/\/www.caririemacao.com\/1\/wp-json\/wp\/v2\/posts\/66185\/revisions"}],"predecessor-version":[{"id":66193,"href":"https:\/\/www.caririemacao.com\/1\/wp-json\/wp\/v2\/posts\/66185\/revisions\/66193"}],"wp:featuredmedia":[{"embeddable":true,"href":"https:\/\/www.caririemacao.com\/1\/wp-json\/wp\/v2\/media\/42016"}],"wp:attachment":[{"href":"https:\/\/www.caririemacao.com\/1\/wp-json\/wp\/v2\/media?parent=66185"}],"wp:term":[{"taxonomy":"category","embeddable":true,"href":"https:\/\/www.caririemacao.com\/1\/wp-json\/wp\/v2\/categories?post=66185"},{"taxonomy":"post_tag","embeddable":true,"href":"https:\/\/www.caririemacao.com\/1\/wp-json\/wp\/v2\/tags?post=66185"}],"curies":[{"name":"wp","href":"https:\/\/api.w.org\/{rel}","templated":true}]}}