{"id":66194,"date":"2018-09-26T13:50:10","date_gmt":"2018-09-26T16:50:10","guid":{"rendered":"http:\/\/www.caririemacao.com\/1\/?p=66194"},"modified":"2018-09-26T13:50:10","modified_gmt":"2018-09-26T16:50:10","slug":"brasil-registra-3-mil-mortes-violentas-em-julho-no-ano-sao-30-mil-casos","status":"publish","type":"post","link":"https:\/\/www.caririemacao.com\/1\/2018\/09\/26\/brasil-registra-3-mil-mortes-violentas-em-julho-no-ano-sao-30-mil-casos\/","title":{"rendered":"Brasil registra 3 mil mortes violentas em julho; no ano, s\u00e3o 30 mil casos"},"content":{"rendered":"<p class=\"p2\">Ao menos 2.995 pessoas foram assassinadas no m\u00eas de julho deste ano no Brasil. O n\u00famero, por\u00e9m, \u00e9 ainda maior, j\u00e1 que quatro estados n\u00e3o divulgam os dados.<\/p>\n<p class=\"p2\">O \u00edndice nacional de homic\u00eddios, ferramenta criada pelo\u00a0G1, permite o acompanhamento dos dados de v\u00edtimas de crimes violentos m\u00eas a m\u00eas no pa\u00eds. J\u00e1 s\u00e3o 29.980 v\u00edtimas registradas nos primeiros sete meses deste ano.<\/p>\n<p class=\"p2\">O n\u00famero consolidado at\u00e9 agora contabiliza todos os homic\u00eddios dolosos, latroc\u00ednios e les\u00f5es corporais seguidas de morte, que, juntos, comp\u00f5em os chamados crimes violentos letais e intencionais.<\/p>\n<p class=\"p2\">O\u00a0<a href=\"http:\/\/especiais.g1.globo.com\/monitor-da-violencia\/2018\/mortes-violentas-no-brasil\/\"><span class=\"s1\"><b>mapa<\/b><\/span><\/a>\u00a0faz parte do Monitor da Viol\u00eancia, uma parceria do\u00a0G1\u00a0com o N\u00facleo de Estudos da Viol\u00eancia da USP e o F\u00f3rum Brasileiro de Seguran\u00e7a P\u00fablica.<\/p>\n<p class=\"p2\">Desde o in\u00edcio do ano, jornalistas do\u00a0G1\u00a0espalhados pelo pa\u00eds solicitam os dados via Lei de Acesso \u00e0 Informa\u00e7\u00e3o, seguindo o padr\u00e3o metodol\u00f3gico utilizado pelo F\u00f3rum no Anu\u00e1rio Brasileiro de Seguran\u00e7a P\u00fablica.<\/p>\n<p class=\"p2\">O objetivo \u00e9, al\u00e9m de antecipar os dados e possibilitar um diagn\u00f3stico em tempo real da viol\u00eancia, cobrar transpar\u00eancia por parte dos governos.<\/p>\n<p class=\"p4\"><b>Transpar\u00eancia<\/b><\/p>\n<p class=\"p2\">Quatro estados (Bahia, Cear\u00e1, Paran\u00e1 e Piau\u00ed), entretanto, dizem ainda n\u00e3o ter os dados referentes a julho. Veja a justificativa de cada um:<\/p>\n<p class=\"p2\"><b>Bahia:\u00a0<\/b>A Secretaria da Seguran\u00e7a P\u00fablica informa que os dados de julho ainda est\u00e3o sendo consolidados.<\/p>\n<p class=\"p2\"><b>Cear\u00e1:<\/b>\u00a0Segundo a Secretaria da Seguran\u00e7a, n\u00e3o h\u00e1 ainda o detalhamento da estat\u00edstica para o m\u00eas de julho.<\/p>\n<p class=\"p2\"><b>Paran\u00e1:<\/b>\u00a0A Secretaria da Seguran\u00e7a P\u00fablica afirma que as informa\u00e7\u00f5es solicitadas est\u00e3o em fase final de homologa\u00e7\u00e3o e devem ser divulgadas posteriormente.<\/p>\n<p class=\"p2\"><b>Piau\u00ed:\u00a0<\/b>A Secretaria da Seguran\u00e7a P\u00fablica apenas informa o total das mortes do estado, sem fazer diferencia\u00e7\u00e3o entre os crimes, e afirma que o delegado respons\u00e1vel por fazer este detalhamento est\u00e1 de f\u00e9rias.<\/p>\n<p>Ag\u00eancia Brasil<\/p>\n<p>Cariri Em A\u00e7\u00e3o<\/p>\n<p>Leia mais not\u00edcias em\u00a0<a href=\"http:\/\/www.caririemacao.com\/\">caririemacao.com<\/a>, siga nossa p\u00e1gina no\u00a0<a href=\"https:\/\/www.facebook.com\/CaririEmAcao\/?ref=aymt_homepage_panel\">Facebook<\/a>,\u00a0<a href=\"https:\/\/www.instagram.com\/cariri_em_acao\/?hl=pt-br\">Instagram<\/a>\u00a0e\u00a0<a href=\"https:\/\/www.youtube.com\/channel\/UCAptA0jQuYQy8vMhLt2m4qg\">Youtube<\/a>\u00a0e veja nossas mat\u00e9rias, v\u00eddeos e fotos. Voc\u00ea tamb\u00e9m pode enviar informa\u00e7\u00f5es \u00e0 Reda\u00e7\u00e3o do Portal Cariri em A\u00e7\u00e3o pelo WhatsApp (83) 9 9634.5791, (83) 9 9601-1162.<\/p>\n","protected":false},"excerpt":{"rendered":"<p>Ao menos 2.995 pessoas foram assassinadas no m\u00eas de julho deste ano no Brasil. O n\u00famero, por\u00e9m, \u00e9 ainda maior, j\u00e1 que quatro estados n\u00e3o&hellip; <\/p>\n","protected":false},"author":1,"featured_media":66202,"comment_status":"closed","ping_status":"closed","sticky":false,"template":"","format":"standard","meta":{"sfsi_plus_gutenberg_text_before_share":"","sfsi_plus_gutenberg_show_text_before_share":"","sfsi_plus_gutenberg_icon_type":"","sfsi_plus_gutenberg_icon_alignemt":"","sfsi_plus_gutenburg_max_per_row":"","footnotes":""},"categories":[12],"tags":[],"class_list":["post-66194","post","type-post","status-publish","format-standard","has-post-thumbnail","hentry","category-policia"],"_links":{"self":[{"href":"https:\/\/www.caririemacao.com\/1\/wp-json\/wp\/v2\/posts\/66194","targetHints":{"allow":["GET"]}}],"collection":[{"href":"https:\/\/www.caririemacao.com\/1\/wp-json\/wp\/v2\/posts"}],"about":[{"href":"https:\/\/www.caririemacao.com\/1\/wp-json\/wp\/v2\/types\/post"}],"author":[{"embeddable":true,"href":"https:\/\/www.caririemacao.com\/1\/wp-json\/wp\/v2\/users\/1"}],"replies":[{"embeddable":true,"href":"https:\/\/www.caririemacao.com\/1\/wp-json\/wp\/v2\/comments?post=66194"}],"version-history":[{"count":1,"href":"https:\/\/www.caririemacao.com\/1\/wp-json\/wp\/v2\/posts\/66194\/revisions"}],"predecessor-version":[{"id":66203,"href":"https:\/\/www.caririemacao.com\/1\/wp-json\/wp\/v2\/posts\/66194\/revisions\/66203"}],"wp:featuredmedia":[{"embeddable":true,"href":"https:\/\/www.caririemacao.com\/1\/wp-json\/wp\/v2\/media\/66202"}],"wp:attachment":[{"href":"https:\/\/www.caririemacao.com\/1\/wp-json\/wp\/v2\/media?parent=66194"}],"wp:term":[{"taxonomy":"category","embeddable":true,"href":"https:\/\/www.caririemacao.com\/1\/wp-json\/wp\/v2\/categories?post=66194"},{"taxonomy":"post_tag","embeddable":true,"href":"https:\/\/www.caririemacao.com\/1\/wp-json\/wp\/v2\/tags?post=66194"}],"curies":[{"name":"wp","href":"https:\/\/api.w.org\/{rel}","templated":true}]}}