{"id":66210,"date":"2018-09-26T13:58:03","date_gmt":"2018-09-26T16:58:03","guid":{"rendered":"http:\/\/www.caririemacao.com\/1\/?p=66210"},"modified":"2018-09-26T13:58:03","modified_gmt":"2018-09-26T16:58:03","slug":"deputados-ja-articulam-processo-eleitoral-para-renovar-mesa-diretora-da-alpb","status":"publish","type":"post","link":"https:\/\/www.caririemacao.com\/1\/2018\/09\/26\/deputados-ja-articulam-processo-eleitoral-para-renovar-mesa-diretora-da-alpb\/","title":{"rendered":"Deputados j\u00e1 articulam processo eleitoral para renovar Mesa Diretora da ALPB"},"content":{"rendered":"<p>Ningu\u00e9m sabe ainda quem ser\u00e1 eleito ou se ser\u00e1 eleito no pleito eleitoral de outubro para ocupar um assento na Assembleia Legislativa da Para\u00edba, mas os parlamentares j\u00e1 come\u00e7aram as conversa\u00e7\u00f5es em torno da renova\u00e7\u00e3o da Mesa Diretora do Poder Legislativo para a legislatura a ser iniciada em\u00a0 2019.<\/p>\n<p>Nos bastidores, dois nomes surgem com grandes possibilidades: o do deputado Adriano Galdino (PSB), que j\u00e1 ocupou o cargo e, segundo alguns parlamentares, vem trabalhando tamb\u00e9m nessa campanha junto aos seus pares para presidir novamente a Casa, e do deputado Branco Mendes (Podemos). Este n\u00e3o se faz de rogado e se disse muito feliz com a lembran\u00e7a do seu nome.<\/p>\n<div id=\"attachment_507025\" class=\"wp-caption aligncenter\"><img decoding=\"async\" class=\"wp-image-507025 size-full lazyloaded\" src=\"https:\/\/paraibaonline.com.br\/wp-content\/uploads\/2018\/09\/branco-mendes2609.jpg\" sizes=\"(max-width: 720px) 100vw, 720px\" srcset=\"https:\/\/paraibaonline.com.br\/wp-content\/uploads\/2018\/09\/branco-mendes2609.jpg 720w, https:\/\/paraibaonline.com.br\/wp-content\/uploads\/2018\/09\/branco-mendes2609-556x417.jpg 556w\" alt=\"Foto: Paraibaonline\" data-lazy-src=\"https:\/\/paraibaonline.com.br\/wp-content\/uploads\/2018\/09\/branco-mendes2609.jpg\" data-lazy-srcset=\"https:\/\/paraibaonline.com.br\/wp-content\/uploads\/2018\/09\/branco-mendes2609.jpg 720w, https:\/\/paraibaonline.com.br\/wp-content\/uploads\/2018\/09\/branco-mendes2609-556x417.jpg 556w\" data-lazy-sizes=\"(max-width: 720px) 100vw, 720px\" data-was-processed=\"true\" \/><\/p>\n<p class=\"wp-caption-text\">Foto: Paraibaonline<\/p>\n<\/div>\n<p>\u201cTodos que realmente alcan\u00e7am a vit\u00f3ria nas elei\u00e7\u00f5es t\u00eam o desejo de presidir a Assembleia Legislativa, mas eu estou preocupado com a minha elei\u00e7\u00e3o, e ap\u00f3s as elei\u00e7\u00f5es, Deus nos ajudando e o povo da Para\u00edba reconhecendo, n\u00f3s iremos fazer uma an\u00e1lise se iremos concorrer \u00e0 presid\u00eancia ou n\u00e3o, diante de um trabalho, de um acordo, de conversar com os nossos colegas e, se eles quiserem, poderei ser um concorrente, caso eu seja eleito\u201d, destacou.<\/p>\n<p>Branco Mendes espera ainda comemorar a sua vit\u00f3ria, pois tem feito seu trabalho durante o mandato parlamentar e que est\u00e1 correndo muito pelos munic\u00edpios paraibanos, participando de reuni\u00f5es, carreatas, com\u00edcios e tem percebido uma receptividade muito grande do povo.<\/p>\n<p>\u201cEu espero voltar mais uma vez ao Plen\u00e1rio, exercendo o quarto mandato para dar continuidade ao nosso trabalho. Esta \u00e9 uma luta \u00e1rdua e vamos esperar a abertura das urnas para que possamos confirmar, se Deus quiser, a nossa vit\u00f3ria. Fazer pol\u00edtica no dia de hoje \u00e9 muito dif\u00edcil porque a classe pol\u00edtica vive um desgaste muito grande, mas eu digo que me sinto confort\u00e1vel onde chego, a receptividade tem sido muito boa por conta do reconhecimento do nosso trabalho em prol dos paraibanos\u201d, avaliou.<\/p>\n<p>Para\u00edba Online<\/p>\n<p>Cariri Em A\u00e7\u00e3o<\/p>\n<p>Leia mais not\u00edcias em\u00a0<a href=\"http:\/\/www.caririemacao.com\/\">caririemacao.com<\/a>, siga nossa p\u00e1gina no\u00a0<a href=\"https:\/\/www.facebook.com\/CaririEmAcao\/?ref=aymt_homepage_panel\">Facebook<\/a>,\u00a0<a href=\"https:\/\/www.instagram.com\/cariri_em_acao\/?hl=pt-br\">Instagram<\/a>\u00a0e\u00a0<a href=\"https:\/\/www.youtube.com\/channel\/UCAptA0jQuYQy8vMhLt2m4qg\">Youtube<\/a>\u00a0e veja nossas mat\u00e9rias, v\u00eddeos e fotos. Voc\u00ea tamb\u00e9m pode enviar informa\u00e7\u00f5es \u00e0 Reda\u00e7\u00e3o do Portal Cariri em A\u00e7\u00e3o pelo WhatsApp (83) 9 9634.5791, (83) 9 9601-1162.<\/p>\n","protected":false},"excerpt":{"rendered":"<p>Ningu\u00e9m sabe ainda quem ser\u00e1 eleito ou se ser\u00e1 eleito no pleito eleitoral de outubro para ocupar um assento na Assembleia Legislativa da Para\u00edba, mas&hellip; <\/p>\n","protected":false},"author":1,"featured_media":33436,"comment_status":"closed","ping_status":"closed","sticky":false,"template":"","format":"standard","meta":{"sfsi_plus_gutenberg_text_before_share":"","sfsi_plus_gutenberg_show_text_before_share":"","sfsi_plus_gutenberg_icon_type":"","sfsi_plus_gutenberg_icon_alignemt":"","sfsi_plus_gutenburg_max_per_row":"","footnotes":""},"categories":[11],"tags":[],"class_list":["post-66210","post","type-post","status-publish","format-standard","has-post-thumbnail","hentry","category-politica"],"_links":{"self":[{"href":"https:\/\/www.caririemacao.com\/1\/wp-json\/wp\/v2\/posts\/66210","targetHints":{"allow":["GET"]}}],"collection":[{"href":"https:\/\/www.caririemacao.com\/1\/wp-json\/wp\/v2\/posts"}],"about":[{"href":"https:\/\/www.caririemacao.com\/1\/wp-json\/wp\/v2\/types\/post"}],"author":[{"embeddable":true,"href":"https:\/\/www.caririemacao.com\/1\/wp-json\/wp\/v2\/users\/1"}],"replies":[{"embeddable":true,"href":"https:\/\/www.caririemacao.com\/1\/wp-json\/wp\/v2\/comments?post=66210"}],"version-history":[{"count":1,"href":"https:\/\/www.caririemacao.com\/1\/wp-json\/wp\/v2\/posts\/66210\/revisions"}],"predecessor-version":[{"id":66211,"href":"https:\/\/www.caririemacao.com\/1\/wp-json\/wp\/v2\/posts\/66210\/revisions\/66211"}],"wp:featuredmedia":[{"embeddable":true,"href":"https:\/\/www.caririemacao.com\/1\/wp-json\/wp\/v2\/media\/33436"}],"wp:attachment":[{"href":"https:\/\/www.caririemacao.com\/1\/wp-json\/wp\/v2\/media?parent=66210"}],"wp:term":[{"taxonomy":"category","embeddable":true,"href":"https:\/\/www.caririemacao.com\/1\/wp-json\/wp\/v2\/categories?post=66210"},{"taxonomy":"post_tag","embeddable":true,"href":"https:\/\/www.caririemacao.com\/1\/wp-json\/wp\/v2\/tags?post=66210"}],"curies":[{"name":"wp","href":"https:\/\/api.w.org\/{rel}","templated":true}]}}