{"id":66214,"date":"2018-09-26T14:06:55","date_gmt":"2018-09-26T17:06:55","guid":{"rendered":"http:\/\/www.caririemacao.com\/1\/?p=66214"},"modified":"2018-09-26T21:22:56","modified_gmt":"2018-09-27T00:22:56","slug":"huac-realiza-consultas-e-exames-para-prevencao-do-cancer-de-mama","status":"publish","type":"post","link":"https:\/\/www.caririemacao.com\/1\/2018\/09\/26\/huac-realiza-consultas-e-exames-para-prevencao-do-cancer-de-mama\/","title":{"rendered":"HUAC realiza consultas e exames para preven\u00e7\u00e3o do c\u00e2ncer de mama"},"content":{"rendered":"<p>A chefe da divis\u00e3o de cuidados do Hospital Universit\u00e1rio Alcides Carneiro (HUAC),\u00a0C\u00e2ndida Diniz,\u00a0anunciou que a unidade\u00a0realizar\u00e1 durante o m\u00eas de outubro consultas e marca\u00e7\u00e3o de mamografias para preven\u00e7\u00e3o do c\u00e2ncer de mama.<\/p>\n<div id=\"attachment_194473\" class=\"wp-caption aligncenter\">\n<p><img decoding=\"async\" class=\"wp-image-194473 size-full lazyloaded\" src=\"https:\/\/paraibaonline.com.br\/wp-content\/uploads\/2017\/10\/mamografia1.jpg\" sizes=\"(max-width: 800px) 100vw, 800px\" srcset=\"https:\/\/paraibaonline.com.br\/wp-content\/uploads\/2017\/10\/mamografia1.jpg 800w, https:\/\/paraibaonline.com.br\/wp-content\/uploads\/2017\/10\/mamografia1-567x378.jpg 567w\" alt=\"\" data-lazy-src=\"https:\/\/paraibaonline.com.br\/wp-content\/uploads\/2017\/10\/mamografia1.jpg\" data-lazy-srcset=\"https:\/\/paraibaonline.com.br\/wp-content\/uploads\/2017\/10\/mamografia1.jpg 800w, https:\/\/paraibaonline.com.br\/wp-content\/uploads\/2017\/10\/mamografia1-567x378.jpg 567w\" data-lazy-sizes=\"(max-width: 800px) 100vw, 800px\" data-was-processed=\"true\" \/><\/p>\n<p class=\"wp-caption-text\">Foto ilustrativa: Reprodu\u00e7\u00e3o\/ Internet<\/p>\n<\/div>\n<p>\u2013 Inicialmente, fizemos essa programa\u00e7\u00e3o de o Hospital Universit\u00e1rio Alcides Carneiro se inserir a esse projeto Outubro Rosa, que \u00e9 o projeto nacional de combate e preven\u00e7\u00e3o ao c\u00e2ncer de mama. Este ano, o formato vai oferecer 200 consultas previamente marcadas e, juntamente a essas consultas, a mamografia que seria gerada a partir da\u00ed \u2013 disse.<\/p>\n<p>Por fim, Diniz frisou que o agendamento foi iniciado dia 21 deste m\u00eas e preencheu quase toda agenda.<\/p>\n<p>Para\u00edba Online<\/p>\n<p>Cariri Em A\u00e7\u00e3o<\/p>\n<p>Leia mais not\u00edcias em\u00a0<a href=\"http:\/\/www.caririemacao.com\/\">caririemacao.com<\/a>, siga nossa p\u00e1gina no\u00a0<a href=\"https:\/\/www.facebook.com\/CaririEmAcao\/?ref=aymt_homepage_panel\">Facebook<\/a>,\u00a0<a href=\"https:\/\/www.instagram.com\/cariri_em_acao\/?hl=pt-br\">Instagram<\/a>\u00a0e\u00a0<a href=\"https:\/\/www.youtube.com\/channel\/UCAptA0jQuYQy8vMhLt2m4qg\">Youtube<\/a>\u00a0e veja nossas mat\u00e9rias, v\u00eddeos e fotos. Voc\u00ea tamb\u00e9m pode enviar informa\u00e7\u00f5es \u00e0 Reda\u00e7\u00e3o do Portal Cariri em A\u00e7\u00e3o pelo WhatsApp (83) 9 9634.5791, (83) 9 9601-1162.<\/p>\n","protected":false},"excerpt":{"rendered":"<p>A chefe da divis\u00e3o de cuidados do Hospital Universit\u00e1rio Alcides Carneiro (HUAC),\u00a0C\u00e2ndida Diniz,\u00a0anunciou que a unidade\u00a0realizar\u00e1 durante o m\u00eas de outubro consultas e marca\u00e7\u00e3o de&hellip; <\/p>\n","protected":false},"author":1,"featured_media":66215,"comment_status":"closed","ping_status":"closed","sticky":false,"template":"","format":"standard","meta":{"sfsi_plus_gutenberg_text_before_share":"","sfsi_plus_gutenberg_show_text_before_share":"","sfsi_plus_gutenberg_icon_type":"","sfsi_plus_gutenberg_icon_alignemt":"","sfsi_plus_gutenburg_max_per_row":"","footnotes":""},"categories":[16],"tags":[],"class_list":["post-66214","post","type-post","status-publish","format-standard","has-post-thumbnail","hentry","category-saude"],"_links":{"self":[{"href":"https:\/\/www.caririemacao.com\/1\/wp-json\/wp\/v2\/posts\/66214","targetHints":{"allow":["GET"]}}],"collection":[{"href":"https:\/\/www.caririemacao.com\/1\/wp-json\/wp\/v2\/posts"}],"about":[{"href":"https:\/\/www.caririemacao.com\/1\/wp-json\/wp\/v2\/types\/post"}],"author":[{"embeddable":true,"href":"https:\/\/www.caririemacao.com\/1\/wp-json\/wp\/v2\/users\/1"}],"replies":[{"embeddable":true,"href":"https:\/\/www.caririemacao.com\/1\/wp-json\/wp\/v2\/comments?post=66214"}],"version-history":[{"count":2,"href":"https:\/\/www.caririemacao.com\/1\/wp-json\/wp\/v2\/posts\/66214\/revisions"}],"predecessor-version":[{"id":66273,"href":"https:\/\/www.caririemacao.com\/1\/wp-json\/wp\/v2\/posts\/66214\/revisions\/66273"}],"wp:featuredmedia":[{"embeddable":true,"href":"https:\/\/www.caririemacao.com\/1\/wp-json\/wp\/v2\/media\/66215"}],"wp:attachment":[{"href":"https:\/\/www.caririemacao.com\/1\/wp-json\/wp\/v2\/media?parent=66214"}],"wp:term":[{"taxonomy":"category","embeddable":true,"href":"https:\/\/www.caririemacao.com\/1\/wp-json\/wp\/v2\/categories?post=66214"},{"taxonomy":"post_tag","embeddable":true,"href":"https:\/\/www.caririemacao.com\/1\/wp-json\/wp\/v2\/tags?post=66214"}],"curies":[{"name":"wp","href":"https:\/\/api.w.org\/{rel}","templated":true}]}}