{"id":66217,"date":"2018-09-26T14:10:42","date_gmt":"2018-09-26T17:10:42","guid":{"rendered":"http:\/\/www.caririemacao.com\/1\/?p=66217"},"modified":"2018-09-26T14:10:42","modified_gmt":"2018-09-26T17:10:42","slug":"presidenciaveis-ja-gastaram-r-1304-milhoes-na-campanha-eleitoral","status":"publish","type":"post","link":"https:\/\/www.caririemacao.com\/1\/2018\/09\/26\/presidenciaveis-ja-gastaram-r-1304-milhoes-na-campanha-eleitoral\/","title":{"rendered":"Presidenci\u00e1veis j\u00e1 gastaram R$ 130,4 milh\u00f5es na campanha eleitoral"},"content":{"rendered":"<p>A 12 dias do primeiro turno das elei\u00e7\u00f5es, os candidatos a presidente da Rep\u00fablica j\u00e1 gastaram R$ 130,4 milh\u00f5es, segundo dados dispon\u00edveis no portal do Tribunal Superior Eleitoral (TSE). Pelo menos R$ 64,8 milh\u00f5es foram destinados \u00e0 produ\u00e7\u00e3o de v\u00eddeos para a internet e dos programas eleitorais gratuitos, o que representa 49,7% do total.<\/p>\n<p>Nesse montante est\u00e3o inclu\u00eddas as despesas do ex-presidente Luiz In\u00e1cio Lula da Silva, que teve a candidatura rejeitada pelo TSE, por causa da Lei da Ficha Limpa. Lula foi condenado em segunda inst\u00e2ncia por corrup\u00e7\u00e3o passiva e lavagem de dinheiro no caso do triplex do Guaruj\u00e1 (SP). Est\u00e1 preso na Superintend\u00eancia da Pol\u00edcia Federal, em Curitiba, desde abril.<\/p>\n<p>A campanha de Lula declarou gastos de R$ 19,1 milh\u00f5es e arrecada\u00e7\u00e3o de R$ 20,6 milh\u00f5es. Foram aplicados R$ 13,5 milh\u00f5es na produ\u00e7\u00e3o dos programas de r\u00e1dio e televis\u00e3o. No \u00faltimo dia\u00a011 de setembro, o ex-presidente foi substitu\u00eddo por Fernando Haddad (PT), que j\u00e1 aparecia nos programas iniciais do hor\u00e1rio eleitoral gratuito. A campanha de Haddad declarou despesas de R$ 450 mil, com impulsionamento de conte\u00fado na internet.<\/p>\n<p>MaisPB<\/p>\n<p>Cariri Em A\u00e7\u00e3o<\/p>\n<p>Leia mais not\u00edcias em\u00a0<a href=\"http:\/\/www.caririemacao.com\/\">caririemacao.com<\/a>, siga nossa p\u00e1gina no\u00a0<a href=\"https:\/\/www.facebook.com\/CaririEmAcao\/?ref=aymt_homepage_panel\">Facebook<\/a>,\u00a0<a href=\"https:\/\/www.instagram.com\/cariri_em_acao\/?hl=pt-br\">Instagram<\/a>\u00a0e\u00a0<a href=\"https:\/\/www.youtube.com\/channel\/UCAptA0jQuYQy8vMhLt2m4qg\">Youtube<\/a>\u00a0e veja nossas mat\u00e9rias, v\u00eddeos e fotos. Voc\u00ea tamb\u00e9m pode enviar informa\u00e7\u00f5es \u00e0 Reda\u00e7\u00e3o do Portal Cariri em A\u00e7\u00e3o pelo WhatsApp (83) 9 9634.5791, (83) 9 9601-1162.<\/p>\n","protected":false},"excerpt":{"rendered":"<p>A 12 dias do primeiro turno das elei\u00e7\u00f5es, os candidatos a presidente da Rep\u00fablica j\u00e1 gastaram R$ 130,4 milh\u00f5es, segundo dados dispon\u00edveis no portal do&hellip; <\/p>\n","protected":false},"author":1,"featured_media":66218,"comment_status":"closed","ping_status":"closed","sticky":false,"template":"","format":"standard","meta":{"sfsi_plus_gutenberg_text_before_share":"","sfsi_plus_gutenberg_show_text_before_share":"","sfsi_plus_gutenberg_icon_type":"","sfsi_plus_gutenberg_icon_alignemt":"","sfsi_plus_gutenburg_max_per_row":"","footnotes":""},"categories":[1],"tags":[],"class_list":["post-66217","post","type-post","status-publish","format-standard","has-post-thumbnail","hentry","category-o-site"],"_links":{"self":[{"href":"https:\/\/www.caririemacao.com\/1\/wp-json\/wp\/v2\/posts\/66217","targetHints":{"allow":["GET"]}}],"collection":[{"href":"https:\/\/www.caririemacao.com\/1\/wp-json\/wp\/v2\/posts"}],"about":[{"href":"https:\/\/www.caririemacao.com\/1\/wp-json\/wp\/v2\/types\/post"}],"author":[{"embeddable":true,"href":"https:\/\/www.caririemacao.com\/1\/wp-json\/wp\/v2\/users\/1"}],"replies":[{"embeddable":true,"href":"https:\/\/www.caririemacao.com\/1\/wp-json\/wp\/v2\/comments?post=66217"}],"version-history":[{"count":1,"href":"https:\/\/www.caririemacao.com\/1\/wp-json\/wp\/v2\/posts\/66217\/revisions"}],"predecessor-version":[{"id":66219,"href":"https:\/\/www.caririemacao.com\/1\/wp-json\/wp\/v2\/posts\/66217\/revisions\/66219"}],"wp:featuredmedia":[{"embeddable":true,"href":"https:\/\/www.caririemacao.com\/1\/wp-json\/wp\/v2\/media\/66218"}],"wp:attachment":[{"href":"https:\/\/www.caririemacao.com\/1\/wp-json\/wp\/v2\/media?parent=66217"}],"wp:term":[{"taxonomy":"category","embeddable":true,"href":"https:\/\/www.caririemacao.com\/1\/wp-json\/wp\/v2\/categories?post=66217"},{"taxonomy":"post_tag","embeddable":true,"href":"https:\/\/www.caririemacao.com\/1\/wp-json\/wp\/v2\/tags?post=66217"}],"curies":[{"name":"wp","href":"https:\/\/api.w.org\/{rel}","templated":true}]}}