{"id":66223,"date":"2018-09-26T14:19:57","date_gmt":"2018-09-26T17:19:57","guid":{"rendered":"http:\/\/www.caririemacao.com\/1\/?p=66223"},"modified":"2018-09-26T14:19:57","modified_gmt":"2018-09-26T17:19:57","slug":"tse-aprova-tropas-federais-para-5-estados","status":"publish","type":"post","link":"https:\/\/www.caririemacao.com\/1\/2018\/09\/26\/tse-aprova-tropas-federais-para-5-estados\/","title":{"rendered":"TSE aprova tropas federais para 5 estados"},"content":{"rendered":"<p>Na sess\u00e3o administrativa dessa ter\u00e7a-feira (25), os ministros do Tribunal Superior Eleitoral (TSE) aprovaram requisi\u00e7\u00f5es de tropas federais para atuar durante as elei\u00e7\u00f5es nos estados do Par\u00e1 (60 localidades), Amazonas (26), Mato Grosso (19) e Tocantins (12). Tamb\u00e9m foi autorizado o envio de militares para novas localidades do Piau\u00ed (10), estado que j\u00e1 havia solicitado o apoio para parte de seus munic\u00edpios.<\/p>\n<p>Os pedidos foram formulados pelos ju\u00edzes das respectivas Zonas Eleitorais nos estados com a finalidade de garantir a normalidade da elei\u00e7\u00e3o, o livre exerc\u00edcio do voto e o bom andamento da apura\u00e7\u00e3o dos resultados. A medida \u00e9 prevista no inciso XIV do artigo 23 do C\u00f3digo Eleitoral (<a href=\"http:\/\/www.tse.jus.br\/legislacao\/codigo-eleitoral\/codigo-eleitoral-1\/codigo-eleitoral-lei-nb0-4.737-de-15-de-julho-de-1965#2-tit1\">Lei n\u00ba 4.737\/65<\/a>).<\/p>\n<p>As solicita\u00e7\u00f5es aprovadas pelo TSE na sess\u00e3o desta ter\u00e7a ser\u00e3o encaminhadas ao Minist\u00e9rio da Defesa, \u00f3rg\u00e3o respons\u00e1vel pelo planejamento e execu\u00e7\u00e3o das a\u00e7\u00f5es empreendidas pelas For\u00e7as Armadas.<\/p>\n<p>Anteriormente, a Corte Eleitoral j\u00e1 havia determinado o envio de tropas federais para 370 localidades de sete estados: Mato Grosso do Sul (4 localidades), Cear\u00e1 (5 localidades), Acre (11 localidades), Maranh\u00e3o (72), Piau\u00ed (112), Rio de Janeiro (69) e Rio Grande do Norte (97).<\/p>\n<p>TSE<\/p>\n<p>Cariri Em A\u00e7\u00e3o<\/p>\n<p>Leia mais not\u00edcias em\u00a0<a href=\"http:\/\/www.caririemacao.com\/\">caririemacao.com<\/a>, siga nossa p\u00e1gina no\u00a0<a href=\"https:\/\/www.facebook.com\/CaririEmAcao\/?ref=aymt_homepage_panel\">Facebook<\/a>,\u00a0<a href=\"https:\/\/www.instagram.com\/cariri_em_acao\/?hl=pt-br\">Instagram<\/a>\u00a0e\u00a0<a href=\"https:\/\/www.youtube.com\/channel\/UCAptA0jQuYQy8vMhLt2m4qg\">Youtube<\/a>\u00a0e veja nossas mat\u00e9rias, v\u00eddeos e fotos. Voc\u00ea tamb\u00e9m pode enviar informa\u00e7\u00f5es \u00e0 Reda\u00e7\u00e3o do Portal Cariri em A\u00e7\u00e3o pelo WhatsApp (83) 9 9634.5791, (83) 9 9601-1162.<\/p>\n","protected":false},"excerpt":{"rendered":"<p>Na sess\u00e3o administrativa dessa ter\u00e7a-feira (25), os ministros do Tribunal Superior Eleitoral (TSE) aprovaram requisi\u00e7\u00f5es de tropas federais para atuar durante as elei\u00e7\u00f5es nos estados&hellip; <\/p>\n","protected":false},"author":1,"featured_media":30457,"comment_status":"closed","ping_status":"closed","sticky":false,"template":"","format":"standard","meta":{"sfsi_plus_gutenberg_text_before_share":"","sfsi_plus_gutenberg_show_text_before_share":"","sfsi_plus_gutenberg_icon_type":"","sfsi_plus_gutenberg_icon_alignemt":"","sfsi_plus_gutenburg_max_per_row":"","footnotes":""},"categories":[11],"tags":[],"class_list":["post-66223","post","type-post","status-publish","format-standard","has-post-thumbnail","hentry","category-politica"],"_links":{"self":[{"href":"https:\/\/www.caririemacao.com\/1\/wp-json\/wp\/v2\/posts\/66223","targetHints":{"allow":["GET"]}}],"collection":[{"href":"https:\/\/www.caririemacao.com\/1\/wp-json\/wp\/v2\/posts"}],"about":[{"href":"https:\/\/www.caririemacao.com\/1\/wp-json\/wp\/v2\/types\/post"}],"author":[{"embeddable":true,"href":"https:\/\/www.caririemacao.com\/1\/wp-json\/wp\/v2\/users\/1"}],"replies":[{"embeddable":true,"href":"https:\/\/www.caririemacao.com\/1\/wp-json\/wp\/v2\/comments?post=66223"}],"version-history":[{"count":1,"href":"https:\/\/www.caririemacao.com\/1\/wp-json\/wp\/v2\/posts\/66223\/revisions"}],"predecessor-version":[{"id":66224,"href":"https:\/\/www.caririemacao.com\/1\/wp-json\/wp\/v2\/posts\/66223\/revisions\/66224"}],"wp:featuredmedia":[{"embeddable":true,"href":"https:\/\/www.caririemacao.com\/1\/wp-json\/wp\/v2\/media\/30457"}],"wp:attachment":[{"href":"https:\/\/www.caririemacao.com\/1\/wp-json\/wp\/v2\/media?parent=66223"}],"wp:term":[{"taxonomy":"category","embeddable":true,"href":"https:\/\/www.caririemacao.com\/1\/wp-json\/wp\/v2\/categories?post=66223"},{"taxonomy":"post_tag","embeddable":true,"href":"https:\/\/www.caririemacao.com\/1\/wp-json\/wp\/v2\/tags?post=66223"}],"curies":[{"name":"wp","href":"https:\/\/api.w.org\/{rel}","templated":true}]}}