{"id":66236,"date":"2018-09-26T19:46:56","date_gmt":"2018-09-26T22:46:56","guid":{"rendered":"http:\/\/www.caririemacao.com\/1\/?p=66236"},"modified":"2018-09-26T19:46:56","modified_gmt":"2018-09-26T22:46:56","slug":"setembro-amarelo-foi-tema-de-caminhada-do-caps-adiii-em-monteiro","status":"publish","type":"post","link":"https:\/\/www.caririemacao.com\/1\/2018\/09\/26\/setembro-amarelo-foi-tema-de-caminhada-do-caps-adiii-em-monteiro\/","title":{"rendered":"Setembro Amarelo foi tema de caminhada do CAPS ADIII em Monteiro"},"content":{"rendered":"<p>O Centro de Aten\u00e7\u00e3o Psicossocial AD III \u2013 24h promoveu na manh\u00e3 desta quarta-feira, 26, na cidade de Monteiro, uma caminhada em alus\u00e3o ao Setembro Amarelo para a valoriza\u00e7\u00e3o da vida e preven\u00e7\u00e3o ao suic\u00eddio.<\/p>\n<p>A a\u00e7\u00e3o integrando a programa\u00e7\u00e3o alusiva ao Setembro Amarelo da Rede Municipal de Sa\u00fade aconteceu percorrendo avenida principal da cidade tendo seu t\u00e9rmino na Pra\u00e7a Jo\u00e3o Pessoa com a participa\u00e7\u00e3o de funcion\u00e1rios e pacientes do servi\u00e7o.<\/p>\n<p>Para a diretora do Centro, Marileide Maracaj\u00e1, a caminhada teve a inten\u00e7\u00e3o de chamar a aten\u00e7\u00e3o dos pacientes, familiares e comunidade em geral, para a preven\u00e7\u00e3o do suic\u00eddio. \u201cSabemos que o \u00edndice do suic\u00eddio \u00e9 grande e por isso precisamos ficar atentos aos sintomas de depress\u00e3o, isolamento ou abatimento que pode levar a pessoa a chegar a esse ato extremo. Al\u00e9m desta a\u00e7\u00e3o de conscientiza\u00e7\u00e3o, fornecemos, permanentemente, todo o suporte e tratamentos necess\u00e1rios para a preserva\u00e7\u00e3o da vida&#8221;, disse.<\/p>\n<p>Este ano, a campanha da Secretaria Municipal de Sa\u00fade teve seu in\u00edcio nas Sala de Espera das Unidades B\u00e1sicas de Sa\u00fade falando sobre a valoriza\u00e7\u00e3o da vida, abrindo o di\u00e1logo visando o acolhimento e incentivando a aten\u00e7\u00e3o aos sintomas que possam levar ao suic\u00eddio. Ainda foram feitas mesas redondas e palestras nas escolas com profissionais para a promo\u00e7\u00e3o da campanha junto aos estudantes.<\/p>\n<p>Setembro Amarelo \u2013 \u00c9 uma campanha brasileira de preven\u00e7\u00e3o ao suic\u00eddio, que acontece desde 2015, por iniciativa do Centro de Valoriza\u00e7\u00e3o da Vida (CVV), Conselho Federal de Medicina (CFM) e Associa\u00e7\u00e3o Brasileira de Psiquiatria (ABP). O objetivo \u00e9 promover eventos que abram espa\u00e7o para debates sobre suic\u00eddio e divulgar o tema alertando a popula\u00e7\u00e3o sobre a import\u00e2ncia de sua discuss\u00e3o.<\/p>\n<p><em><strong>Secom &#8211; PMM\u00a0\u00a0<\/strong><\/em><\/p>\n","protected":false},"excerpt":{"rendered":"<p>O Centro de Aten\u00e7\u00e3o Psicossocial AD III \u2013 24h promoveu na manh\u00e3 desta quarta-feira, 26, na cidade de Monteiro, uma caminhada em alus\u00e3o ao Setembro&hellip; <\/p>\n","protected":false},"author":1,"featured_media":66237,"comment_status":"closed","ping_status":"closed","sticky":false,"template":"","format":"standard","meta":{"sfsi_plus_gutenberg_text_before_share":"","sfsi_plus_gutenberg_show_text_before_share":"","sfsi_plus_gutenberg_icon_type":"","sfsi_plus_gutenberg_icon_alignemt":"","sfsi_plus_gutenburg_max_per_row":"","footnotes":""},"categories":[6],"tags":[],"class_list":["post-66236","post","type-post","status-publish","format-standard","has-post-thumbnail","hentry","category-cidades"],"_links":{"self":[{"href":"https:\/\/www.caririemacao.com\/1\/wp-json\/wp\/v2\/posts\/66236","targetHints":{"allow":["GET"]}}],"collection":[{"href":"https:\/\/www.caririemacao.com\/1\/wp-json\/wp\/v2\/posts"}],"about":[{"href":"https:\/\/www.caririemacao.com\/1\/wp-json\/wp\/v2\/types\/post"}],"author":[{"embeddable":true,"href":"https:\/\/www.caririemacao.com\/1\/wp-json\/wp\/v2\/users\/1"}],"replies":[{"embeddable":true,"href":"https:\/\/www.caririemacao.com\/1\/wp-json\/wp\/v2\/comments?post=66236"}],"version-history":[{"count":1,"href":"https:\/\/www.caririemacao.com\/1\/wp-json\/wp\/v2\/posts\/66236\/revisions"}],"predecessor-version":[{"id":66238,"href":"https:\/\/www.caririemacao.com\/1\/wp-json\/wp\/v2\/posts\/66236\/revisions\/66238"}],"wp:featuredmedia":[{"embeddable":true,"href":"https:\/\/www.caririemacao.com\/1\/wp-json\/wp\/v2\/media\/66237"}],"wp:attachment":[{"href":"https:\/\/www.caririemacao.com\/1\/wp-json\/wp\/v2\/media?parent=66236"}],"wp:term":[{"taxonomy":"category","embeddable":true,"href":"https:\/\/www.caririemacao.com\/1\/wp-json\/wp\/v2\/categories?post=66236"},{"taxonomy":"post_tag","embeddable":true,"href":"https:\/\/www.caririemacao.com\/1\/wp-json\/wp\/v2\/tags?post=66236"}],"curies":[{"name":"wp","href":"https:\/\/api.w.org\/{rel}","templated":true}]}}