{"id":66239,"date":"2018-09-26T20:21:23","date_gmt":"2018-09-26T23:21:23","guid":{"rendered":"http:\/\/www.caririemacao.com\/1\/?p=66239"},"modified":"2018-09-26T20:26:42","modified_gmt":"2018-09-26T23:26:42","slug":"alvaro-neto-volta-a-criticar-genival-matias-por-negar-informacoes-sobre-distribuicao-do-fundo-partidario-veja","status":"publish","type":"post","link":"https:\/\/www.caririemacao.com\/1\/2018\/09\/26\/alvaro-neto-volta-a-criticar-genival-matias-por-negar-informacoes-sobre-distribuicao-do-fundo-partidario-veja\/","title":{"rendered":"\u00c1lvaro Neto volta a criticar Genival Matias por negar informa\u00e7\u00f5es sobre distribui\u00e7\u00e3o do Fundo partid\u00e1rio,veja"},"content":{"rendered":"<div class=\"col-md-12\">\n<p>Em v\u00eddeo postado em seus perfis nas redes sociais nesta quarta-feira(26), o candidato a deputado federal \u00c1lvaro Neto, voltou a criticar, de forma veemente, a dire\u00e7\u00e3o do seu partido, o AVANTE, pela forma desigual na distribui\u00e7\u00e3o da verba do fundo partid\u00e1rio com os candidatos da legenda.<\/p>\n<\/div>\n<div class=\"col-md-12\">\n<div class=\"descricaoDaNoticia\">\n<p>\u00c1lvaro Neto acusa o presidente estadual do Avante, o deputado estadual e candidato a reelei\u00e7\u00e3o Genival Matias, \u201cpor n\u00e3o repassar, at\u00e9 o momento, nenhuma informa\u00e7\u00f5es sobre essa situa\u00e7\u00e3o, considerada constrangedora\u201d.<\/p>\n<p>O combate a corrup\u00e7\u00e3o como uma a\u00e7\u00e3o permanente, \u00e9 igualmente evidenciada por \u00c1lvaro Neto, como proposta priorit\u00e1ria da sua a\u00e7\u00e3o parlamentar, caso seja eleito para a C\u00e2mara Federal.<\/p>\n<div style=\"width: 640px;\" class=\"wp-video\"><video class=\"wp-video-shortcode\" id=\"video-66239-1\" width=\"640\" height=\"360\" preload=\"metadata\" controls=\"controls\"><source type=\"video\/mp4\" src=\"http:\/\/www.caririemacao.com\/1\/wp-content\/uploads\/2018\/09\/WhatsApp-Video-2018-09-26-at-12.53.07-1.mp4?_=1\" \/><a href=\"http:\/\/www.caririemacao.com\/1\/wp-content\/uploads\/2018\/09\/WhatsApp-Video-2018-09-26-at-12.53.07-1.mp4\">http:\/\/www.caririemacao.com\/1\/wp-content\/uploads\/2018\/09\/WhatsApp-Video-2018-09-26-at-12.53.07-1.mp4<\/a><\/video><\/div>\n<p><em><strong>Wscom\/Foto: Internet\u00a0<\/strong><\/em><\/p>\n<\/div>\n<\/div>\n","protected":false},"excerpt":{"rendered":"<p>Em v\u00eddeo postado em seus perfis nas redes sociais nesta quarta-feira(26), o candidato a deputado federal \u00c1lvaro Neto, voltou a criticar, de forma veemente, a&hellip; <\/p>\n","protected":false},"author":1,"featured_media":66245,"comment_status":"closed","ping_status":"closed","sticky":false,"template":"","format":"standard","meta":{"sfsi_plus_gutenberg_text_before_share":"","sfsi_plus_gutenberg_show_text_before_share":"","sfsi_plus_gutenberg_icon_type":"","sfsi_plus_gutenberg_icon_alignemt":"","sfsi_plus_gutenburg_max_per_row":"","footnotes":""},"categories":[11],"tags":[],"class_list":["post-66239","post","type-post","status-publish","format-standard","has-post-thumbnail","hentry","category-politica"],"_links":{"self":[{"href":"https:\/\/www.caririemacao.com\/1\/wp-json\/wp\/v2\/posts\/66239","targetHints":{"allow":["GET"]}}],"collection":[{"href":"https:\/\/www.caririemacao.com\/1\/wp-json\/wp\/v2\/posts"}],"about":[{"href":"https:\/\/www.caririemacao.com\/1\/wp-json\/wp\/v2\/types\/post"}],"author":[{"embeddable":true,"href":"https:\/\/www.caririemacao.com\/1\/wp-json\/wp\/v2\/users\/1"}],"replies":[{"embeddable":true,"href":"https:\/\/www.caririemacao.com\/1\/wp-json\/wp\/v2\/comments?post=66239"}],"version-history":[{"count":4,"href":"https:\/\/www.caririemacao.com\/1\/wp-json\/wp\/v2\/posts\/66239\/revisions"}],"predecessor-version":[{"id":66251,"href":"https:\/\/www.caririemacao.com\/1\/wp-json\/wp\/v2\/posts\/66239\/revisions\/66251"}],"wp:featuredmedia":[{"embeddable":true,"href":"https:\/\/www.caririemacao.com\/1\/wp-json\/wp\/v2\/media\/66245"}],"wp:attachment":[{"href":"https:\/\/www.caririemacao.com\/1\/wp-json\/wp\/v2\/media?parent=66239"}],"wp:term":[{"taxonomy":"category","embeddable":true,"href":"https:\/\/www.caririemacao.com\/1\/wp-json\/wp\/v2\/categories?post=66239"},{"taxonomy":"post_tag","embeddable":true,"href":"https:\/\/www.caririemacao.com\/1\/wp-json\/wp\/v2\/tags?post=66239"}],"curies":[{"name":"wp","href":"https:\/\/api.w.org\/{rel}","templated":true}]}}