{"id":66241,"date":"2018-09-26T20:07:26","date_gmt":"2018-09-26T23:07:26","guid":{"rendered":"http:\/\/www.caririemacao.com\/1\/?p=66241"},"modified":"2018-09-26T20:07:26","modified_gmt":"2018-09-26T23:07:26","slug":"prefeitura-de-gurjao-realiza-audiencia-publica-para-elaboracao-da-ldo-e-loa-2019","status":"publish","type":"post","link":"https:\/\/www.caririemacao.com\/1\/2018\/09\/26\/prefeitura-de-gurjao-realiza-audiencia-publica-para-elaboracao-da-ldo-e-loa-2019\/","title":{"rendered":"Prefeitura de Gurj\u00e3o realiza audi\u00eancia p\u00fablica para elabora\u00e7\u00e3o da LDO e LOA 2019"},"content":{"rendered":"<p>A Prefeitura Municipal de Gurj\u00e3o\u00a0 realizou nesta segunda -feira, (24), no audit\u00f3rio do In\u00e1cio Alves Calu\u00eate ,\u00a0 audi\u00eancia p\u00fablica para apresenta\u00e7\u00e3o e discuss\u00e3o da metodologia do Or\u00e7amento Participativo do Munic\u00edpio, visando a elabora\u00e7\u00e3o da Lei Or\u00e7ament\u00e1ria Anual \u2013 LOA \u2013 exerc\u00edcio 2019 e Lei de Diretrizes Or\u00e7ament\u00e1rias \u2013 LDO \u2013 para o mesmo exerc\u00edcio.<\/p>\n<p>Al\u00e9m do prefeito Ronaldo Queiroz , estiveram presentes, secret\u00e1rios, vereadores, assessores, servidores municipais, representantes de classes e institui\u00e7\u00f5es do munic\u00edpio. O evento, marcado pela ampla participa\u00e7\u00e3o de todos, t\u00eam por meta a escuta e o filtramento de prioridades e demandas com foco nas reais necessidades do munic\u00edpio.<\/p>\n<p><img fetchpriority=\"high\" decoding=\"async\" class=\"wp-image-66242 size-full aligncenter\" src=\"http:\/\/www.caririemacao.com\/1\/wp-content\/uploads\/2018\/09\/42555346_1892809097470229_553056268621709312_n.jpg\" alt=\"\" width=\"865\" height=\"575\" srcset=\"https:\/\/www.caririemacao.com\/1\/wp-content\/uploads\/2018\/09\/42555346_1892809097470229_553056268621709312_n.jpg 865w, https:\/\/www.caririemacao.com\/1\/wp-content\/uploads\/2018\/09\/42555346_1892809097470229_553056268621709312_n-300x199.jpg 300w, https:\/\/www.caririemacao.com\/1\/wp-content\/uploads\/2018\/09\/42555346_1892809097470229_553056268621709312_n-768x511.jpg 768w\" sizes=\"(max-width: 865px) 100vw, 865px\" \/><\/p>\n<p>Durante a abertura da audi\u00eancia o prefeito destacou a import\u00e2ncia das discuss\u00f5es que resultam em metas e a\u00e7\u00f5es concretas que s\u00e3o colocadas em pr\u00e1tica pela administra\u00e7\u00e3o, frisando, oportunamente, o quanto se faz necess\u00e1rio a participa\u00e7\u00e3o da comunidade, para que, de forma participativa, a gest\u00e3o municipal possa identificar os problemas e promover o melhor uso dos recursos p\u00fablicos.<\/p>\n<p>O contador do munic\u00edpio Joilton Gon\u00e7alves explicou um pouco do que s\u00e3o LDO e LOA como as pr\u00f3prias letras dizem, trata-se de um Projeto de Lei que determina as Diretrizes Or\u00e7ament\u00e1rias, ou seja, orienta\u00e7\u00f5es que estabelece as metas e prioridades para o exerc\u00edcio financeiro seguinte ao da cria\u00e7\u00e3o da mesma. Ela orienta a elabora\u00e7\u00e3o do or\u00e7amento da prefeitura e estabelece pol\u00edticas de aplica\u00e7\u00e3o dos recursos em projetos que viabilizem o pleno funcionamento da cidade, j\u00e1 a\u00a0 Lei Or\u00e7ament\u00e1ria Anual (LOA) \u00e9 uma das pe\u00e7as que comp\u00f5em o planejamento or\u00e7ament\u00e1rio do Poder Executivo. A LOA prev\u00ea o or\u00e7amento fiscal, e investimentos das empresas p\u00fablicas, al\u00e9m de detalhar todos os gastos para o pr\u00f3ximo ano. \u00c9 dividida por temas, como sa\u00fade, educa\u00e7\u00e3o e outros.<\/p>\n<p><em><strong>Ascom-PMG<\/strong><\/em><\/p>\n","protected":false},"excerpt":{"rendered":"<p>A Prefeitura Municipal de Gurj\u00e3o\u00a0 realizou nesta segunda -feira, (24), no audit\u00f3rio do In\u00e1cio Alves Calu\u00eate ,\u00a0 audi\u00eancia p\u00fablica para apresenta\u00e7\u00e3o e discuss\u00e3o da metodologia&hellip; <\/p>\n","protected":false},"author":1,"featured_media":66243,"comment_status":"closed","ping_status":"closed","sticky":false,"template":"","format":"standard","meta":{"sfsi_plus_gutenberg_text_before_share":"","sfsi_plus_gutenberg_show_text_before_share":"","sfsi_plus_gutenberg_icon_type":"","sfsi_plus_gutenberg_icon_alignemt":"","sfsi_plus_gutenburg_max_per_row":"","footnotes":""},"categories":[2],"tags":[],"class_list":["post-66241","post","type-post","status-publish","format-standard","has-post-thumbnail","hentry","category-geral"],"_links":{"self":[{"href":"https:\/\/www.caririemacao.com\/1\/wp-json\/wp\/v2\/posts\/66241","targetHints":{"allow":["GET"]}}],"collection":[{"href":"https:\/\/www.caririemacao.com\/1\/wp-json\/wp\/v2\/posts"}],"about":[{"href":"https:\/\/www.caririemacao.com\/1\/wp-json\/wp\/v2\/types\/post"}],"author":[{"embeddable":true,"href":"https:\/\/www.caririemacao.com\/1\/wp-json\/wp\/v2\/users\/1"}],"replies":[{"embeddable":true,"href":"https:\/\/www.caririemacao.com\/1\/wp-json\/wp\/v2\/comments?post=66241"}],"version-history":[{"count":1,"href":"https:\/\/www.caririemacao.com\/1\/wp-json\/wp\/v2\/posts\/66241\/revisions"}],"predecessor-version":[{"id":66244,"href":"https:\/\/www.caririemacao.com\/1\/wp-json\/wp\/v2\/posts\/66241\/revisions\/66244"}],"wp:featuredmedia":[{"embeddable":true,"href":"https:\/\/www.caririemacao.com\/1\/wp-json\/wp\/v2\/media\/66243"}],"wp:attachment":[{"href":"https:\/\/www.caririemacao.com\/1\/wp-json\/wp\/v2\/media?parent=66241"}],"wp:term":[{"taxonomy":"category","embeddable":true,"href":"https:\/\/www.caririemacao.com\/1\/wp-json\/wp\/v2\/categories?post=66241"},{"taxonomy":"post_tag","embeddable":true,"href":"https:\/\/www.caririemacao.com\/1\/wp-json\/wp\/v2\/tags?post=66241"}],"curies":[{"name":"wp","href":"https:\/\/api.w.org\/{rel}","templated":true}]}}