{"id":66261,"date":"2018-09-26T20:57:55","date_gmt":"2018-09-26T23:57:55","guid":{"rendered":"http:\/\/www.caririemacao.com\/1\/?p=66261"},"modified":"2018-09-26T21:07:20","modified_gmt":"2018-09-27T00:07:20","slug":"filho-de-bolsonaro-divulga-foto-com-simulacao-de-tortura-em-rede-social","status":"publish","type":"post","link":"https:\/\/www.caririemacao.com\/1\/2018\/09\/26\/filho-de-bolsonaro-divulga-foto-com-simulacao-de-tortura-em-rede-social\/","title":{"rendered":"Filho de Bolsonaro divulga foto com simula\u00e7\u00e3o de tortura em rede social"},"content":{"rendered":"<p><a class=\"single-image-gallery\" href=\"http:\/\/www.blogdogordinho.com.br\/filho-de-bolsonaro-divulga-foto-com-simulacao-de-tortura-em-rede-social\/carlos_bolsonaro\/\" rel=\"attachment wp-att-180218\"><img fetchpriority=\"high\" decoding=\"async\" class=\"size-full wp-image-180218 aligncenter\" src=\"https:\/\/i2.wp.com\/www.blogdogordinho.com.br\/site\/wp-content\/uploads\/2018\/09\/CARLOS_BOLSONARO.jpg?resize=600%2C420\" sizes=\"(max-width: 600px) 100vw, 600px\" srcset=\"https:\/\/i2.wp.com\/www.blogdogordinho.com.br\/site\/wp-content\/uploads\/2018\/09\/CARLOS_BOLSONARO.jpg?w=600 600w, https:\/\/i2.wp.com\/www.blogdogordinho.com.br\/site\/wp-content\/uploads\/2018\/09\/CARLOS_BOLSONARO.jpg?resize=300%2C210 300w\" alt=\"\" width=\"330\" height=\"231\" data-attachment-id=\"180218\" data-permalink=\"http:\/\/www.blogdogordinho.com.br\/filho-de-bolsonaro-divulga-foto-com-simulacao-de-tortura-em-rede-social\/carlos_bolsonaro\/\" data-orig-file=\"https:\/\/i2.wp.com\/www.blogdogordinho.com.br\/site\/wp-content\/uploads\/2018\/09\/CARLOS_BOLSONARO.jpg?fit=600%2C420\" data-orig-size=\"600,420\" data-comments-opened=\"1\" data-image-meta=\"{&quot;aperture&quot;:&quot;0&quot;,&quot;credit&quot;:&quot;&quot;,&quot;camera&quot;:&quot;&quot;,&quot;caption&quot;:&quot;&quot;,&quot;created_timestamp&quot;:&quot;0&quot;,&quot;copyright&quot;:&quot;&quot;,&quot;focal_length&quot;:&quot;0&quot;,&quot;iso&quot;:&quot;0&quot;,&quot;shutter_speed&quot;:&quot;0&quot;,&quot;title&quot;:&quot;&quot;,&quot;orientation&quot;:&quot;0&quot;}\" data-image-title=\"CARLOS_BOLSONARO\" data-image-description=\"\" data-medium-file=\"https:\/\/i2.wp.com\/www.blogdogordinho.com.br\/site\/wp-content\/uploads\/2018\/09\/CARLOS_BOLSONARO.jpg?fit=300%2C210\" data-large-file=\"https:\/\/i2.wp.com\/www.blogdogordinho.com.br\/site\/wp-content\/uploads\/2018\/09\/CARLOS_BOLSONARO.jpg?fit=600%2C420\" \/><\/a>Um dos filhos do candidato \u00e0 Presid\u00eancia da Rep\u00fablica Jair Bolsonaro (PSL), o vereador Carlos Bolsonaro publicou em suas redes sociais uma foto em refer\u00eancia ao movimento #Elen\u00e3o, criado por mulheres contr\u00e1rias ao presidenci\u00e1vel, com uma simula\u00e7\u00e3o de tortura. A foto foi publicada nos stories do vereador no Instagram na noite de ter\u00e7a-feira, 25.<\/p>\n<p>A \u201cbrincadeira\u201d mostra um homem amarrado, com o rosto ensanguentado e a cabe\u00e7a dentro de um saco pl\u00e1stico, e no peito est\u00e1 escrito #EleN\u00e3o. A imagem tem ainda uma frase \u201csobre pais que choram no chuveiro\u201d, em uma refer\u00eancia de pais que sentem vergonha de seus filhos por serem homossexuais. Na sequ\u00eancia, a foto publicada \u00e9 uma de seu pai com a hashtag #EleSim.<\/p>\n<p>Originalmente, a publica\u00e7\u00e3o da \u201ctortura\u201d \u00e9 do perfil no Instagram @direitapvh, que traz postagens cr\u00edticas ao ex-presidente Luiz In\u00e1cio Lula da Silva e homenagem ao presidente dos Estados Unidos, Donald Trump.<\/p>\n<p>A reportagem ainda n\u00e3o conseguiu contato com o vereador.<\/p>\n<p>Estad\u00e3o<\/p>\n<p>Cariri Em A\u00e7\u00e3o<\/p>\n<p>Leia mais not\u00edcias em\u00a0<a href=\"http:\/\/www.caririemacao.com\/\">caririemacao.com<\/a>, siga nossa p\u00e1gina no\u00a0<a href=\"https:\/\/www.facebook.com\/CaririEmAcao\/?ref=aymt_homepage_panel\">Facebook<\/a>,\u00a0<a href=\"https:\/\/www.instagram.com\/cariri_em_acao\/?hl=pt-br\">Instagram<\/a>\u00a0e\u00a0<a href=\"https:\/\/www.youtube.com\/channel\/UCAptA0jQuYQy8vMhLt2m4qg\">Youtube<\/a>\u00a0e veja nossas mat\u00e9rias, v\u00eddeos e fotos. Voc\u00ea tamb\u00e9m pode enviar informa\u00e7\u00f5es \u00e0 Reda\u00e7\u00e3o do Portal Cariri em A\u00e7\u00e3o pelo WhatsApp (83) 9 9634.5791, (83) 9 9601-1162.<\/p>\n","protected":false},"excerpt":{"rendered":"<p>Um dos filhos do candidato \u00e0 Presid\u00eancia da Rep\u00fablica Jair Bolsonaro (PSL), o vereador Carlos Bolsonaro publicou em suas redes sociais uma foto em refer\u00eancia&hellip; <\/p>\n","protected":false},"author":1,"featured_media":66263,"comment_status":"closed","ping_status":"closed","sticky":false,"template":"","format":"standard","meta":{"sfsi_plus_gutenberg_text_before_share":"","sfsi_plus_gutenberg_show_text_before_share":"","sfsi_plus_gutenberg_icon_type":"","sfsi_plus_gutenberg_icon_alignemt":"","sfsi_plus_gutenburg_max_per_row":"","footnotes":""},"categories":[1],"tags":[],"class_list":["post-66261","post","type-post","status-publish","format-standard","has-post-thumbnail","hentry","category-o-site"],"_links":{"self":[{"href":"https:\/\/www.caririemacao.com\/1\/wp-json\/wp\/v2\/posts\/66261","targetHints":{"allow":["GET"]}}],"collection":[{"href":"https:\/\/www.caririemacao.com\/1\/wp-json\/wp\/v2\/posts"}],"about":[{"href":"https:\/\/www.caririemacao.com\/1\/wp-json\/wp\/v2\/types\/post"}],"author":[{"embeddable":true,"href":"https:\/\/www.caririemacao.com\/1\/wp-json\/wp\/v2\/users\/1"}],"replies":[{"embeddable":true,"href":"https:\/\/www.caririemacao.com\/1\/wp-json\/wp\/v2\/comments?post=66261"}],"version-history":[{"count":2,"href":"https:\/\/www.caririemacao.com\/1\/wp-json\/wp\/v2\/posts\/66261\/revisions"}],"predecessor-version":[{"id":66265,"href":"https:\/\/www.caririemacao.com\/1\/wp-json\/wp\/v2\/posts\/66261\/revisions\/66265"}],"wp:featuredmedia":[{"embeddable":true,"href":"https:\/\/www.caririemacao.com\/1\/wp-json\/wp\/v2\/media\/66263"}],"wp:attachment":[{"href":"https:\/\/www.caririemacao.com\/1\/wp-json\/wp\/v2\/media?parent=66261"}],"wp:term":[{"taxonomy":"category","embeddable":true,"href":"https:\/\/www.caririemacao.com\/1\/wp-json\/wp\/v2\/categories?post=66261"},{"taxonomy":"post_tag","embeddable":true,"href":"https:\/\/www.caririemacao.com\/1\/wp-json\/wp\/v2\/tags?post=66261"}],"curies":[{"name":"wp","href":"https:\/\/api.w.org\/{rel}","templated":true}]}}