{"id":66274,"date":"2018-09-26T21:32:16","date_gmt":"2018-09-27T00:32:16","guid":{"rendered":"http:\/\/www.caririemacao.com\/1\/?p=66274"},"modified":"2018-09-26T21:32:16","modified_gmt":"2018-09-27T00:32:16","slug":"stf-mantem-cancelamento-de-titulos-de-eleitor-sem-biometria","status":"publish","type":"post","link":"https:\/\/www.caririemacao.com\/1\/2018\/09\/26\/stf-mantem-cancelamento-de-titulos-de-eleitor-sem-biometria\/","title":{"rendered":"STF mant\u00e9m cancelamento de t\u00edtulos de eleitor sem biometria"},"content":{"rendered":"<p>Por 7 votos a 2, o Supremo Tribunal Federal (STF) decidiu hoje (26) rejeitar pedido de liminar feito pelo PSB para evitar o cancelamento dos t\u00edtulos de eleitores que n\u00e3o realizaram o cadastramento por biometria nas localidades que foram escolhidas pela Justi\u00e7a Eleitoral.<\/p>\n<p>De acordo com a Justi\u00e7a Eleitoral, cerca de 3,3 milh\u00f5es de eleitores n\u00e3o v\u00e3o votar nas elei\u00e7\u00f5es de outubro porque n\u00e3o compareceram aos cart\u00f3rios eleitorais nos munic\u00edpios em que houve o recadastramento para identifica\u00e7\u00e3o biom\u00e9trica e devido a outras restri\u00e7\u00f5es.<\/p>\n<p>Na a\u00e7\u00e3o, o PSB alegou que s\u00e3o inconstitucionais as resolu\u00e7\u00f5es do TSE que disciplinaram o cancelamento do t\u00edtulo como penalidade ao eleitor que n\u00e3o realizou o cadastro biom\u00e9trico obrigat\u00f3rio dentro do prazo, porque resultaram no indevido cerceamento do direito de votar.<\/p>\n<p>O PT e o PCdoB tamb\u00e9m participaram do processo. Segundo as legendas, o maior n\u00famero de eleitores que n\u00e3o poder\u00e3o votar est\u00e1 na Regi\u00e3o Nordeste. Para os partidos, a maioria dos t\u00edtulos cancelados \u00e9 de cidad\u00e3os humildes que n\u00e3o tiveram acesso \u00e0 informa\u00e7\u00e3o para cumprir a formalidade.<\/p>\n<p>Click PB<\/p>\n<p>Cariri Em A\u00e7\u00e3o<\/p>\n<p>Leia mais not\u00edcias em\u00a0<a href=\"http:\/\/www.caririemacao.com\/\">caririemacao.com<\/a>, siga nossa p\u00e1gina no\u00a0<a href=\"https:\/\/www.facebook.com\/CaririEmAcao\/?ref=aymt_homepage_panel\">Facebook<\/a>,\u00a0<a href=\"https:\/\/www.instagram.com\/cariri_em_acao\/?hl=pt-br\">Instagram<\/a>\u00a0e\u00a0<a href=\"https:\/\/www.youtube.com\/channel\/UCAptA0jQuYQy8vMhLt2m4qg\">Youtube<\/a>\u00a0e veja nossas mat\u00e9rias, v\u00eddeos e fotos. Voc\u00ea tamb\u00e9m pode enviar informa\u00e7\u00f5es \u00e0 Reda\u00e7\u00e3o do Portal Cariri em A\u00e7\u00e3o pelo WhatsApp (83) 9 9634.5791, (83) 9 9601-1162.<\/p>\n","protected":false},"excerpt":{"rendered":"<p>Por 7 votos a 2, o Supremo Tribunal Federal (STF) decidiu hoje (26) rejeitar pedido de liminar feito pelo PSB para evitar o cancelamento dos&hellip; <\/p>\n","protected":false},"author":1,"featured_media":43170,"comment_status":"closed","ping_status":"closed","sticky":false,"template":"","format":"standard","meta":{"sfsi_plus_gutenberg_text_before_share":"","sfsi_plus_gutenberg_show_text_before_share":"","sfsi_plus_gutenberg_icon_type":"","sfsi_plus_gutenberg_icon_alignemt":"","sfsi_plus_gutenburg_max_per_row":"","footnotes":""},"categories":[1],"tags":[],"class_list":["post-66274","post","type-post","status-publish","format-standard","has-post-thumbnail","hentry","category-o-site"],"_links":{"self":[{"href":"https:\/\/www.caririemacao.com\/1\/wp-json\/wp\/v2\/posts\/66274","targetHints":{"allow":["GET"]}}],"collection":[{"href":"https:\/\/www.caririemacao.com\/1\/wp-json\/wp\/v2\/posts"}],"about":[{"href":"https:\/\/www.caririemacao.com\/1\/wp-json\/wp\/v2\/types\/post"}],"author":[{"embeddable":true,"href":"https:\/\/www.caririemacao.com\/1\/wp-json\/wp\/v2\/users\/1"}],"replies":[{"embeddable":true,"href":"https:\/\/www.caririemacao.com\/1\/wp-json\/wp\/v2\/comments?post=66274"}],"version-history":[{"count":1,"href":"https:\/\/www.caririemacao.com\/1\/wp-json\/wp\/v2\/posts\/66274\/revisions"}],"predecessor-version":[{"id":66275,"href":"https:\/\/www.caririemacao.com\/1\/wp-json\/wp\/v2\/posts\/66274\/revisions\/66275"}],"wp:featuredmedia":[{"embeddable":true,"href":"https:\/\/www.caririemacao.com\/1\/wp-json\/wp\/v2\/media\/43170"}],"wp:attachment":[{"href":"https:\/\/www.caririemacao.com\/1\/wp-json\/wp\/v2\/media?parent=66274"}],"wp:term":[{"taxonomy":"category","embeddable":true,"href":"https:\/\/www.caririemacao.com\/1\/wp-json\/wp\/v2\/categories?post=66274"},{"taxonomy":"post_tag","embeddable":true,"href":"https:\/\/www.caririemacao.com\/1\/wp-json\/wp\/v2\/tags?post=66274"}],"curies":[{"name":"wp","href":"https:\/\/api.w.org\/{rel}","templated":true}]}}