{"id":66282,"date":"2018-09-27T08:15:39","date_gmt":"2018-09-27T11:15:39","guid":{"rendered":"http:\/\/www.caririemacao.com\/1\/?p=66282"},"modified":"2018-09-27T08:15:39","modified_gmt":"2018-09-27T11:15:39","slug":"tentativa-de-assalto-a-aviao-pagador-em-salgueiro-pe-deixa-seis-mortos","status":"publish","type":"post","link":"https:\/\/www.caririemacao.com\/1\/2018\/09\/27\/tentativa-de-assalto-a-aviao-pagador-em-salgueiro-pe-deixa-seis-mortos\/","title":{"rendered":"Tentativa de assalto a avi\u00e3o pagador em Salgueiro (PE) deixa seis mortos"},"content":{"rendered":"<p>Seis pessoas morreram ap\u00f3s um tiroteio entre policiais e suspeitos durante uma tentativa frustada de assalto no Aeroporto de Salgueiro, em Salgueiro, munic\u00edpio a 518 km de Recife (PE), na manh\u00e3 desta quarta-feira (26).<\/p>\n<p><img fetchpriority=\"high\" decoding=\"async\" class=\"wp-image-66287 size-full alignnone\" src=\"http:\/\/www.caririemacao.com\/1\/wp-content\/uploads\/2018\/09\/IMG-20180926-WA0118-730x450.jpg\" alt=\"\" width=\"730\" height=\"450\" srcset=\"https:\/\/www.caririemacao.com\/1\/wp-content\/uploads\/2018\/09\/IMG-20180926-WA0118-730x450.jpg 730w, https:\/\/www.caririemacao.com\/1\/wp-content\/uploads\/2018\/09\/IMG-20180926-WA0118-730x450-300x185.jpg 300w\" sizes=\"(max-width: 730px) 100vw, 730px\" \/><\/p>\n<p>Uma opera\u00e7\u00e3o coordenada pela Pol\u00edcia Federal em conjunto com a Pol\u00edcia Militar resultou na interven\u00e7\u00e3o de um roubo de uma aeronave que transportava dinheiro.<\/p>\n<p><img decoding=\"async\" class=\"alignnone wp-image-66285 size-full lazyload\" data-src=\"http:\/\/www.caririemacao.com\/1\/wp-content\/uploads\/2018\/09\/7fae432b678449f083a81ef3a8f180a6.jpg\" alt=\"\" width=\"748\" height=\"410\" data-srcset=\"https:\/\/www.caririemacao.com\/1\/wp-content\/uploads\/2018\/09\/7fae432b678449f083a81ef3a8f180a6.jpg 748w, https:\/\/www.caririemacao.com\/1\/wp-content\/uploads\/2018\/09\/7fae432b678449f083a81ef3a8f180a6-300x164.jpg 300w\" data-sizes=\"(max-width: 748px) 100vw, 748px\" src=\"data:image\/svg+xml;base64,PHN2ZyB3aWR0aD0iMSIgaGVpZ2h0PSIxIiB4bWxucz0iaHR0cDovL3d3dy53My5vcmcvMjAwMC9zdmciPjwvc3ZnPg==\" style=\"--smush-placeholder-width: 748px; --smush-placeholder-aspect-ratio: 748\/410;\" \/><\/p>\n<p>No momento da aterrissagem, os assaltantes invadiram a pista do aeroporto e abordaram os vigilantes dos carros-fortes que transportariam o dinheiro. Eles tamb\u00e9m dispararam contra o avi\u00e3o, ferindo o piloto e obrigando-o a parar.<\/p>\n<p><img decoding=\"async\" class=\"alignnone wp-image-66286 size-full lazyload\" data-src=\"http:\/\/www.caririemacao.com\/1\/wp-content\/uploads\/2018\/09\/csm_assalto_aviao_0d68945b0a.jpeg\" alt=\"\" width=\"730\" height=\"548\" data-srcset=\"https:\/\/www.caririemacao.com\/1\/wp-content\/uploads\/2018\/09\/csm_assalto_aviao_0d68945b0a.jpeg 730w, https:\/\/www.caririemacao.com\/1\/wp-content\/uploads\/2018\/09\/csm_assalto_aviao_0d68945b0a-300x225.jpeg 300w\" data-sizes=\"(max-width: 730px) 100vw, 730px\" src=\"data:image\/svg+xml;base64,PHN2ZyB3aWR0aD0iMSIgaGVpZ2h0PSIxIiB4bWxucz0iaHR0cDovL3d3dy53My5vcmcvMjAwMC9zdmciPjwvc3ZnPg==\" style=\"--smush-placeholder-width: 730px; --smush-placeholder-aspect-ratio: 730\/548;\" \/><\/p>\n<p>Na abordagem houve intenso confronto entre os suspeitos e os policiais federais, resultando na morte de cinco e no ferimento de outro, que foi socorrido ao hospital local. Al\u00e9m desses, j\u00e1 foram presos mais quatro integrantes da quadrilha.<\/p>\n<p><img decoding=\"async\" class=\"alignnone wp-image-66288 size-full lazyload\" data-src=\"http:\/\/www.caririemacao.com\/1\/wp-content\/uploads\/2018\/09\/IMG-20180926-WA0011-750x422.jpg\" alt=\"\" width=\"750\" height=\"422\" data-srcset=\"https:\/\/www.caririemacao.com\/1\/wp-content\/uploads\/2018\/09\/IMG-20180926-WA0011-750x422.jpg 750w, https:\/\/www.caririemacao.com\/1\/wp-content\/uploads\/2018\/09\/IMG-20180926-WA0011-750x422-300x169.jpg 300w\" data-sizes=\"(max-width: 750px) 100vw, 750px\" src=\"data:image\/svg+xml;base64,PHN2ZyB3aWR0aD0iMSIgaGVpZ2h0PSIxIiB4bWxucz0iaHR0cDovL3d3dy53My5vcmcvMjAwMC9zdmciPjwvc3ZnPg==\" style=\"--smush-placeholder-width: 750px; --smush-placeholder-aspect-ratio: 750\/422;\" \/><\/p>\n<p>Cerca de seis fuzis AK-47 foram apreendidos, al\u00e9m de uma metralhadora ponto 50. Outro ve\u00edculo, com uma quantidade ignorada de assaltantes, conseguiu evadir-se do local. Est\u00e3o sendo realizadas buscas na regi\u00e3o, com o apoio da Pol\u00edcia Militar, para localiza\u00e7\u00e3o e pris\u00e3o desses assaltantes.<\/p>\n<p>O piloto foi socorrido e, conforme informa\u00e7\u00f5es do hospital, est\u00e1 em condi\u00e7\u00f5es est\u00e1veis.<\/p>\n<p><img decoding=\"async\" class=\"alignnone wp-image-66284 size-full lazyload\" data-src=\"http:\/\/www.caririemacao.com\/1\/wp-content\/uploads\/2018\/09\/bandidos-mortos-no-aeroporto-de-salgueiro.jpeg\" alt=\"\" width=\"700\" height=\"420\" data-srcset=\"https:\/\/www.caririemacao.com\/1\/wp-content\/uploads\/2018\/09\/bandidos-mortos-no-aeroporto-de-salgueiro.jpeg 700w, https:\/\/www.caririemacao.com\/1\/wp-content\/uploads\/2018\/09\/bandidos-mortos-no-aeroporto-de-salgueiro-300x180.jpeg 300w\" data-sizes=\"(max-width: 700px) 100vw, 700px\" src=\"data:image\/svg+xml;base64,PHN2ZyB3aWR0aD0iMSIgaGVpZ2h0PSIxIiB4bWxucz0iaHR0cDovL3d3dy53My5vcmcvMjAwMC9zdmciPjwvc3ZnPg==\" style=\"--smush-placeholder-width: 700px; --smush-placeholder-aspect-ratio: 700\/420;\" \/><\/p>\n<p>Por meio de nota, o \u00f3rg\u00e3o informou que essa era a principal quadrilha especializada em assaltos a bancos e carros-fortes da regi\u00e3o, e j\u00e1 vinha sendo investigada h\u00e1 mais de um ano. Nenhum valor foi subtra\u00eddo.<\/p>\n<p>Em nota, a Prosegur, respons\u00e1vel pela aeronave, confirmou a tentativa frustrada de assalto ocorrida a uma opera\u00e7\u00e3o intermodal no Aeroporto de Salgueiro, em Pernambuco. A empresa ainda informou que seus colaboradores est\u00e3o bem e refor\u00e7a que est\u00e1 \u00e0 disposi\u00e7\u00e3o das autoridades colaborando para o andamento das investiga\u00e7\u00f5es.<\/p>\n<p>Pelo menos seis pessoas morreram ap\u00f3s um tiroteio entre policiais e suspeitos no Aeroporto de Salgueiro, em Salgueiro, munic\u00edpio a 518 km de Recife (PE), na manh\u00e3 desta quarta-feira (26). A opera\u00e7\u00e3o foi coordenada pela Pol\u00edcia Federal da Bahia e do Pernambuco, em conjunto com a Pol\u00edcia Militar de ambos os Estados.<\/p>\n<p>R7<\/p>\n","protected":false},"excerpt":{"rendered":"<p>Seis pessoas morreram ap\u00f3s um tiroteio entre policiais e suspeitos durante uma tentativa frustada de assalto no Aeroporto de Salgueiro, em Salgueiro, munic\u00edpio a 518&hellip; <\/p>\n","protected":false},"author":2,"featured_media":66286,"comment_status":"closed","ping_status":"closed","sticky":false,"template":"","format":"standard","meta":{"sfsi_plus_gutenberg_text_before_share":"","sfsi_plus_gutenberg_show_text_before_share":"","sfsi_plus_gutenberg_icon_type":"","sfsi_plus_gutenberg_icon_alignemt":"","sfsi_plus_gutenburg_max_per_row":"","footnotes":""},"categories":[12],"tags":[],"class_list":["post-66282","post","type-post","status-publish","format-standard","has-post-thumbnail","hentry","category-policia"],"_links":{"self":[{"href":"https:\/\/www.caririemacao.com\/1\/wp-json\/wp\/v2\/posts\/66282","targetHints":{"allow":["GET"]}}],"collection":[{"href":"https:\/\/www.caririemacao.com\/1\/wp-json\/wp\/v2\/posts"}],"about":[{"href":"https:\/\/www.caririemacao.com\/1\/wp-json\/wp\/v2\/types\/post"}],"author":[{"embeddable":true,"href":"https:\/\/www.caririemacao.com\/1\/wp-json\/wp\/v2\/users\/2"}],"replies":[{"embeddable":true,"href":"https:\/\/www.caririemacao.com\/1\/wp-json\/wp\/v2\/comments?post=66282"}],"version-history":[{"count":1,"href":"https:\/\/www.caririemacao.com\/1\/wp-json\/wp\/v2\/posts\/66282\/revisions"}],"predecessor-version":[{"id":66289,"href":"https:\/\/www.caririemacao.com\/1\/wp-json\/wp\/v2\/posts\/66282\/revisions\/66289"}],"wp:featuredmedia":[{"embeddable":true,"href":"https:\/\/www.caririemacao.com\/1\/wp-json\/wp\/v2\/media\/66286"}],"wp:attachment":[{"href":"https:\/\/www.caririemacao.com\/1\/wp-json\/wp\/v2\/media?parent=66282"}],"wp:term":[{"taxonomy":"category","embeddable":true,"href":"https:\/\/www.caririemacao.com\/1\/wp-json\/wp\/v2\/categories?post=66282"},{"taxonomy":"post_tag","embeddable":true,"href":"https:\/\/www.caririemacao.com\/1\/wp-json\/wp\/v2\/tags?post=66282"}],"curies":[{"name":"wp","href":"https:\/\/api.w.org\/{rel}","templated":true}]}}