{"id":66291,"date":"2018-09-27T13:25:55","date_gmt":"2018-09-27T16:25:55","guid":{"rendered":"http:\/\/www.caririemacao.com\/1\/?p=66291"},"modified":"2018-09-27T13:25:55","modified_gmt":"2018-09-27T16:25:55","slug":"iv-encontro-de-bandas-e-fanfarras-promete-grande-espetaculo-em-monteiro","status":"publish","type":"post","link":"https:\/\/www.caririemacao.com\/1\/2018\/09\/27\/iv-encontro-de-bandas-e-fanfarras-promete-grande-espetaculo-em-monteiro\/","title":{"rendered":"IV Encontro de Bandas e Fanfarras promete grande espet\u00e1culo em Monteiro"},"content":{"rendered":"<p>A Pra\u00e7a Jo\u00e3o Pessoa, na cidade de Monteiro, contar\u00e1 com uma programa\u00e7\u00e3o especial no pr\u00f3ximo domingo, 30. Trata-se do IV Encontro de Bandas e Fanfarras \u2013 Maestro Ronaldo Sim\u00f5es que \u00e9 gratuito e tem total apoio da Prefeitura Municipal de Monteiro atrav\u00e9s da Secretaria de Cultura e Turismo.<\/p>\n<p>O evento contar\u00e1 com a participa\u00e7\u00e3o de 1.500 pessoas distribu\u00eddas em 27 delega\u00e7\u00f5es de cidades do Pernambuco como Cust\u00f3dia, Sert\u00e2nia e Santa Cruz do Capibaribe; e da Para\u00edba como S\u00e3o Jo\u00e3o do Cariri, Sum\u00e9, Cubati, Prata, Serra Branca, Itabaiana, \u00c1gua Branca, Campina Grande, Lajedo, Lagoa Grande, Zabel\u00ea, S\u00e3o Sebasti\u00e3o do Umbuzeiro, Queimadas e Monteiro.<\/p>\n<p>\u201cEste Encontro promete ser ainda maior que o realizado em 2017, onde a popula\u00e7\u00e3o de Monteiro e visitantes tiveram a oportunidade de assistir a verdadeiros espet\u00e1culos com m\u00fasica e coreografia. De crian\u00e7as a idosos, todos pudemos nos encantar com o resultado da dedica\u00e7\u00e3o de maestros e m\u00fasicos\u201d, pontua a Secret\u00e1ria de Cultura e Turismo, Christianne Leal.<\/p>\n<p><strong>IV Encontro de Bandas e Fanfarras \u2013 Maestro Ronaldo Sim\u00f5es<\/strong><\/p>\n<p>Muito tradicionais nas cidades do interior, as bandas e fanfarras t\u00eam suas particularidades: enquanto a primeira, mais complexa, \u00e9 formada por instrumentos que tamb\u00e9m s\u00e3o usados em orquestras, a fanfarra privilegia os instrumentos de percuss\u00e3o.<\/p>\n<p>Os dois tipos de forma\u00e7\u00e3o proporcionar\u00e3o divers\u00e3o cultural aos monteirenses e visitantes, principalmente durante o Encontro de Bandas e Fanfarras que, anualmente, \u00e9 promovido na cidade. \u00a0O evento re\u00fane v\u00e1rios grupos das regi\u00e3o do Cariri e estados da Para\u00edba e Pernambuco.<\/p>\n<p>Ascom\/Monteiro<\/p>\n<p>Cariri Em A\u00e7\u00e3o<\/p>\n<p>Leia mais not\u00edcias em\u00a0<a href=\"http:\/\/www.caririemacao.com\/\">caririemacao.com<\/a>, siga nossa p\u00e1gina no\u00a0<a href=\"https:\/\/www.facebook.com\/CaririEmAcao\/?ref=aymt_homepage_panel\">Facebook<\/a>,\u00a0<a href=\"https:\/\/www.instagram.com\/cariri_em_acao\/?hl=pt-br\">Instagram<\/a>\u00a0e\u00a0<a href=\"https:\/\/www.youtube.com\/channel\/UCAptA0jQuYQy8vMhLt2m4qg\">Youtube<\/a>\u00a0e veja nossas mat\u00e9rias, v\u00eddeos e fotos. Voc\u00ea tamb\u00e9m pode enviar informa\u00e7\u00f5es \u00e0 Reda\u00e7\u00e3o do Portal Cariri em A\u00e7\u00e3o pelo WhatsApp (83) 9 9634.5791, (83) 9 9601-1162.<\/p>\n","protected":false},"excerpt":{"rendered":"<p>A Pra\u00e7a Jo\u00e3o Pessoa, na cidade de Monteiro, contar\u00e1 com uma programa\u00e7\u00e3o especial no pr\u00f3ximo domingo, 30. Trata-se do IV Encontro de Bandas e Fanfarras&hellip; <\/p>\n","protected":false},"author":1,"featured_media":66292,"comment_status":"closed","ping_status":"closed","sticky":false,"template":"","format":"standard","meta":{"sfsi_plus_gutenberg_text_before_share":"","sfsi_plus_gutenberg_show_text_before_share":"","sfsi_plus_gutenberg_icon_type":"","sfsi_plus_gutenberg_icon_alignemt":"","sfsi_plus_gutenburg_max_per_row":"","footnotes":""},"categories":[6],"tags":[],"class_list":["post-66291","post","type-post","status-publish","format-standard","has-post-thumbnail","hentry","category-cidades"],"_links":{"self":[{"href":"https:\/\/www.caririemacao.com\/1\/wp-json\/wp\/v2\/posts\/66291","targetHints":{"allow":["GET"]}}],"collection":[{"href":"https:\/\/www.caririemacao.com\/1\/wp-json\/wp\/v2\/posts"}],"about":[{"href":"https:\/\/www.caririemacao.com\/1\/wp-json\/wp\/v2\/types\/post"}],"author":[{"embeddable":true,"href":"https:\/\/www.caririemacao.com\/1\/wp-json\/wp\/v2\/users\/1"}],"replies":[{"embeddable":true,"href":"https:\/\/www.caririemacao.com\/1\/wp-json\/wp\/v2\/comments?post=66291"}],"version-history":[{"count":1,"href":"https:\/\/www.caririemacao.com\/1\/wp-json\/wp\/v2\/posts\/66291\/revisions"}],"predecessor-version":[{"id":66293,"href":"https:\/\/www.caririemacao.com\/1\/wp-json\/wp\/v2\/posts\/66291\/revisions\/66293"}],"wp:featuredmedia":[{"embeddable":true,"href":"https:\/\/www.caririemacao.com\/1\/wp-json\/wp\/v2\/media\/66292"}],"wp:attachment":[{"href":"https:\/\/www.caririemacao.com\/1\/wp-json\/wp\/v2\/media?parent=66291"}],"wp:term":[{"taxonomy":"category","embeddable":true,"href":"https:\/\/www.caririemacao.com\/1\/wp-json\/wp\/v2\/categories?post=66291"},{"taxonomy":"post_tag","embeddable":true,"href":"https:\/\/www.caririemacao.com\/1\/wp-json\/wp\/v2\/tags?post=66291"}],"curies":[{"name":"wp","href":"https:\/\/api.w.org\/{rel}","templated":true}]}}