{"id":66296,"date":"2018-09-27T13:35:17","date_gmt":"2018-09-27T16:35:17","guid":{"rendered":"http:\/\/www.caririemacao.com\/1\/?p=66296"},"modified":"2018-09-27T13:35:17","modified_gmt":"2018-09-27T16:35:17","slug":"camalau-realiza-mais-uma-etapa-dos-jogos-internos-das-escolas-municipais","status":"publish","type":"post","link":"https:\/\/www.caririemacao.com\/1\/2018\/09\/27\/camalau-realiza-mais-uma-etapa-dos-jogos-internos-das-escolas-municipais\/","title":{"rendered":"Camala\u00fa realiza mais uma etapa dos Jogos Internos das Escolas Municipais"},"content":{"rendered":"<p>Aconteceu nesta quarta-feira, dia 26, a abertura dos Jogos Internos das Escolas Municipais \u2013 Etapa Centro Educacional \u201cOdete Maciel\u201d.<\/p>\n<p>Os jogos ser\u00e3o divididos em duas etapas: a primeira acontece nos n\u00facleos educacionais de forma separada, e a segunda etapa ser\u00e3o os campe\u00f5es dos n\u00facleos.<\/p>\n<p>A etapa da Escola \u201cFrancisco Chaves Ventura\u201d, se encerrou nesta ter\u00e7a-feira, dia 25 de setembro.<\/p>\n<p>A abertura da etapa do Centro Educacional \u201cOdete Maciel\u201d aconteceu nos moldes da etapa anterior. Entrada das delega\u00e7\u00f5es, execu\u00e7\u00e3o dos hinos, e in\u00edcio propriamente dos jogos. Os jogos dessa etapa ir\u00e3o at\u00e9 esta sexta-feira.<\/p>\n<p>Ascom\/Camala\u00fa<\/p>\n<p>Cariri Em A\u00e7\u00e3o<\/p>\n<p>Leia mais not\u00edcias em\u00a0<a href=\"http:\/\/www.caririemacao.com\/\">caririemacao.com<\/a>, siga nossa p\u00e1gina no\u00a0<a href=\"https:\/\/www.facebook.com\/CaririEmAcao\/?ref=aymt_homepage_panel\">Facebook<\/a>,\u00a0<a href=\"https:\/\/www.instagram.com\/cariri_em_acao\/?hl=pt-br\">Instagram<\/a>\u00a0e\u00a0<a href=\"https:\/\/www.youtube.com\/channel\/UCAptA0jQuYQy8vMhLt2m4qg\">Youtube<\/a>\u00a0e veja nossas mat\u00e9rias, v\u00eddeos e fotos. Voc\u00ea tamb\u00e9m pode enviar informa\u00e7\u00f5es \u00e0 Reda\u00e7\u00e3o do Portal Cariri em A\u00e7\u00e3o pelo WhatsApp (83) 9 9634.5791, (83) 9 9601-1162.<\/p>\n","protected":false},"excerpt":{"rendered":"<p>Aconteceu nesta quarta-feira, dia 26, a abertura dos Jogos Internos das Escolas Municipais \u2013 Etapa Centro Educacional \u201cOdete Maciel\u201d. Os jogos ser\u00e3o divididos em duas&hellip; <\/p>\n","protected":false},"author":1,"featured_media":66297,"comment_status":"closed","ping_status":"closed","sticky":false,"template":"","format":"standard","meta":{"sfsi_plus_gutenberg_text_before_share":"","sfsi_plus_gutenberg_show_text_before_share":"","sfsi_plus_gutenberg_icon_type":"","sfsi_plus_gutenberg_icon_alignemt":"","sfsi_plus_gutenburg_max_per_row":"","footnotes":""},"categories":[13],"tags":[],"class_list":["post-66296","post","type-post","status-publish","format-standard","has-post-thumbnail","hentry","category-esportes"],"_links":{"self":[{"href":"https:\/\/www.caririemacao.com\/1\/wp-json\/wp\/v2\/posts\/66296","targetHints":{"allow":["GET"]}}],"collection":[{"href":"https:\/\/www.caririemacao.com\/1\/wp-json\/wp\/v2\/posts"}],"about":[{"href":"https:\/\/www.caririemacao.com\/1\/wp-json\/wp\/v2\/types\/post"}],"author":[{"embeddable":true,"href":"https:\/\/www.caririemacao.com\/1\/wp-json\/wp\/v2\/users\/1"}],"replies":[{"embeddable":true,"href":"https:\/\/www.caririemacao.com\/1\/wp-json\/wp\/v2\/comments?post=66296"}],"version-history":[{"count":1,"href":"https:\/\/www.caririemacao.com\/1\/wp-json\/wp\/v2\/posts\/66296\/revisions"}],"predecessor-version":[{"id":66298,"href":"https:\/\/www.caririemacao.com\/1\/wp-json\/wp\/v2\/posts\/66296\/revisions\/66298"}],"wp:featuredmedia":[{"embeddable":true,"href":"https:\/\/www.caririemacao.com\/1\/wp-json\/wp\/v2\/media\/66297"}],"wp:attachment":[{"href":"https:\/\/www.caririemacao.com\/1\/wp-json\/wp\/v2\/media?parent=66296"}],"wp:term":[{"taxonomy":"category","embeddable":true,"href":"https:\/\/www.caririemacao.com\/1\/wp-json\/wp\/v2\/categories?post=66296"},{"taxonomy":"post_tag","embeddable":true,"href":"https:\/\/www.caririemacao.com\/1\/wp-json\/wp\/v2\/tags?post=66296"}],"curies":[{"name":"wp","href":"https:\/\/api.w.org\/{rel}","templated":true}]}}