{"id":66312,"date":"2018-09-27T14:00:05","date_gmt":"2018-09-27T17:00:05","guid":{"rendered":"http:\/\/www.caririemacao.com\/1\/?p=66312"},"modified":"2018-09-27T14:00:05","modified_gmt":"2018-09-27T17:00:05","slug":"lewandowski-pede-vista-de-mais-um-recurso-pela-liberdade-de-lula","status":"publish","type":"post","link":"https:\/\/www.caririemacao.com\/1\/2018\/09\/27\/lewandowski-pede-vista-de-mais-um-recurso-pela-liberdade-de-lula\/","title":{"rendered":"Lewandowski pede vista de mais um recurso pela liberdade de Lula"},"content":{"rendered":"<p>O ministro Ricardo Lewandowski, do Supremo Tribunal Federal (STF), pediu na noite de\u00a0<span id=\"OBJ_PREFIX_DWT1767_com_zimbra_date\" role=\"link\">ontem<\/span>\u00a0(26) vista de mais um recurso do ex-presidente Luiz In\u00e1cio Lula da Silva que se encontrava no plen\u00e1rio virtual do plen\u00e1rio da Corte. Trata-se do segundo recurso de Lula no plen\u00e1rio virtual do qual o ministro pede vista.<\/p>\n<p>Ao faz\u00ea-lo, Lewandowski obriga que os recursos sejam analisados presencialmente no plen\u00e1rio do STF. Isso s\u00f3 deve ocorrer, no entanto, quando ele liberar os processos para julgamento, o que ainda n\u00e3o tem previs\u00e3o.<\/p>\n<p>Na noite de\u00a0<span id=\"OBJ_PREFIX_DWT1768_com_zimbra_date\" role=\"link\">quarta<\/span>-feira, Lewandowski pediu vista de um agravo contra a decis\u00e3o do ministro Edson Fachin, relator da Lava Jato no STF, em que negou a suspens\u00e3o do cumprimento da pena de 12 anos e um m\u00eas de pris\u00e3o a qual Lula foi condenado por corrup\u00e7\u00e3o e lavagem de dinheiro, no caso do troplex no Guaruj\u00e1 (SP). Nesse caso, somente Fachin j\u00e1 havia votado, no sentido de rejeitar o recurso.<\/p>\n<p>No \u00faltimo dia 14, Lewandowski j\u00e1 havia pedido vista de um outro agravo, dessa vez contra decis\u00e3o de Fachin que havia rejeitado os embargos de declara\u00e7\u00e3o apresentados pela defesa de Lula questionando um ac\u00f3rd\u00e3o (decis\u00e3o colegiada) do plen\u00e1rio. Em abril, o pleno negou, por 6 a 5, um\u00a0<em>habeas corpus<\/em>\u00a0ao ex-presidente. Neste caso, a vista foi pedida quando o placar estava em 7 a 1 pela rejei\u00e7\u00e3o do recurso no plen\u00e1rio virtual.<\/p>\n<p>Em ambos os casos, a defesa de Lula busca garantir a ele o direito de recorrer em liberdade \u00e0s inst\u00e2ncias superiores contra a condena\u00e7\u00e3o imposta pelo Tribunal Regional Federal da 4\u00aa Regi\u00e3o.<\/p>\n<p>Ainda n\u00e3o h\u00e1 data para que ambos os recursos entrem na pauta de julgamentos do plen\u00e1rio f\u00edsico. Em entrevista coletiva logo ap\u00f3s assumir a presid\u00eancia do STF, neste m\u00eas, o ministro Dias Toffoli disse que iria discutir com Lewandowski o\u00a0momento mais prop\u00edcio\u00a0para o julgamento, mas afirmou tamb\u00e9m que \u201cem setembro n\u00e3o ser\u00e1 pautado\u201d.<\/p>\n<p>Ag\u00eancia Brasil<\/p>\n<p>Cariri Em A\u00e7\u00e3o<\/p>\n<p>Leia mais not\u00edcias em\u00a0<a href=\"http:\/\/www.caririemacao.com\/\">caririemacao.com<\/a>, siga nossa p\u00e1gina no\u00a0<a href=\"https:\/\/www.facebook.com\/CaririEmAcao\/?ref=aymt_homepage_panel\">Facebook<\/a>,\u00a0<a href=\"https:\/\/www.instagram.com\/cariri_em_acao\/?hl=pt-br\">Instagram<\/a>\u00a0e\u00a0<a href=\"https:\/\/www.youtube.com\/channel\/UCAptA0jQuYQy8vMhLt2m4qg\">Youtube<\/a>\u00a0e veja nossas mat\u00e9rias, v\u00eddeos e fotos. Voc\u00ea tamb\u00e9m pode enviar informa\u00e7\u00f5es \u00e0 Reda\u00e7\u00e3o do Portal Cariri em A\u00e7\u00e3o pelo WhatsApp (83) 9 9634.5791, (83) 9 9601-1162.<\/p>\n","protected":false},"excerpt":{"rendered":"<p>O ministro Ricardo Lewandowski, do Supremo Tribunal Federal (STF), pediu na noite de\u00a0ontem\u00a0(26) vista de mais um recurso do ex-presidente Luiz In\u00e1cio Lula da Silva&hellip; <\/p>\n","protected":false},"author":1,"featured_media":991,"comment_status":"closed","ping_status":"closed","sticky":false,"template":"","format":"standard","meta":{"sfsi_plus_gutenberg_text_before_share":"","sfsi_plus_gutenberg_show_text_before_share":"","sfsi_plus_gutenberg_icon_type":"","sfsi_plus_gutenberg_icon_alignemt":"","sfsi_plus_gutenburg_max_per_row":"","footnotes":""},"categories":[11],"tags":[],"class_list":["post-66312","post","type-post","status-publish","format-standard","has-post-thumbnail","hentry","category-politica"],"_links":{"self":[{"href":"https:\/\/www.caririemacao.com\/1\/wp-json\/wp\/v2\/posts\/66312","targetHints":{"allow":["GET"]}}],"collection":[{"href":"https:\/\/www.caririemacao.com\/1\/wp-json\/wp\/v2\/posts"}],"about":[{"href":"https:\/\/www.caririemacao.com\/1\/wp-json\/wp\/v2\/types\/post"}],"author":[{"embeddable":true,"href":"https:\/\/www.caririemacao.com\/1\/wp-json\/wp\/v2\/users\/1"}],"replies":[{"embeddable":true,"href":"https:\/\/www.caririemacao.com\/1\/wp-json\/wp\/v2\/comments?post=66312"}],"version-history":[{"count":1,"href":"https:\/\/www.caririemacao.com\/1\/wp-json\/wp\/v2\/posts\/66312\/revisions"}],"predecessor-version":[{"id":66313,"href":"https:\/\/www.caririemacao.com\/1\/wp-json\/wp\/v2\/posts\/66312\/revisions\/66313"}],"wp:featuredmedia":[{"embeddable":true,"href":"https:\/\/www.caririemacao.com\/1\/wp-json\/wp\/v2\/media\/991"}],"wp:attachment":[{"href":"https:\/\/www.caririemacao.com\/1\/wp-json\/wp\/v2\/media?parent=66312"}],"wp:term":[{"taxonomy":"category","embeddable":true,"href":"https:\/\/www.caririemacao.com\/1\/wp-json\/wp\/v2\/categories?post=66312"},{"taxonomy":"post_tag","embeddable":true,"href":"https:\/\/www.caririemacao.com\/1\/wp-json\/wp\/v2\/tags?post=66312"}],"curies":[{"name":"wp","href":"https:\/\/api.w.org\/{rel}","templated":true}]}}