{"id":66314,"date":"2018-09-27T14:04:50","date_gmt":"2018-09-27T17:04:50","guid":{"rendered":"http:\/\/www.caririemacao.com\/1\/?p=66314"},"modified":"2018-09-27T14:04:50","modified_gmt":"2018-09-27T17:04:50","slug":"prazo-para-tirar-2a-via-do-titulo-termina-hoje-veja-como-fazer","status":"publish","type":"post","link":"https:\/\/www.caririemacao.com\/1\/2018\/09\/27\/prazo-para-tirar-2a-via-do-titulo-termina-hoje-veja-como-fazer\/","title":{"rendered":"Prazo para tirar 2\u00aa via do t\u00edtulo termina hoje; veja como fazer"},"content":{"rendered":"<p class=\"p1\"><img fetchpriority=\"high\" decoding=\"async\" class=\"alignleft size-full wp-image-163973\" src=\"https:\/\/i2.wp.com\/www.blogdogordinho.com.br\/site\/wp-content\/uploads\/2018\/05\/t%C3%ADtulo-de-eleitor.jpg?resize=660%2C442\" sizes=\"(max-width: 660px) 100vw, 660px\" srcset=\"https:\/\/i2.wp.com\/www.blogdogordinho.com.br\/site\/wp-content\/uploads\/2018\/05\/t\u00edtulo-de-eleitor.jpg?w=660 660w, https:\/\/i2.wp.com\/www.blogdogordinho.com.br\/site\/wp-content\/uploads\/2018\/05\/t\u00edtulo-de-eleitor.jpg?resize=300%2C201 300w\" alt=\"\" width=\"330\" height=\"221\" data-attachment-id=\"163973\" data-permalink=\"http:\/\/www.blogdogordinho.com.br\/eleitor-tem-ate-hoje-para-regularizar-titulo-veja-locais-de-atendimento\/titulo-de-eleitor\/\" data-orig-file=\"https:\/\/i2.wp.com\/www.blogdogordinho.com.br\/site\/wp-content\/uploads\/2018\/05\/t\u00edtulo-de-eleitor.jpg?fit=660%2C442\" data-orig-size=\"660,442\" data-comments-opened=\"1\" data-image-meta=\"{&quot;aperture&quot;:&quot;3.5&quot;,&quot;credit&quot;:&quot;&quot;,&quot;camera&quot;:&quot;Canon EOS REBEL T3i&quot;,&quot;caption&quot;:&quot;&quot;,&quot;created_timestamp&quot;:&quot;1424821419&quot;,&quot;copyright&quot;:&quot;&quot;,&quot;focal_length&quot;:&quot;18&quot;,&quot;iso&quot;:&quot;160&quot;,&quot;shutter_speed&quot;:&quot;0.033333333333333&quot;,&quot;title&quot;:&quot;&quot;,&quot;orientation&quot;:&quot;1&quot;}\" data-image-title=\"t\u00edtulo de eleitor\" data-image-description=\"\" data-medium-file=\"https:\/\/i2.wp.com\/www.blogdogordinho.com.br\/site\/wp-content\/uploads\/2018\/05\/t\u00edtulo-de-eleitor.jpg?fit=300%2C201\" data-large-file=\"https:\/\/i2.wp.com\/www.blogdogordinho.com.br\/site\/wp-content\/uploads\/2018\/05\/t\u00edtulo-de-eleitor.jpg?fit=660%2C442\" \/>Termina nesta quinta-feira (27) o prazo para quem precisa tirar a 2\u00aa via do t\u00edtulo eleitoral. O pedido deve ser feito em cart\u00f3rio da zona em que o eleitor est\u00e1 cadastrado.<\/p>\n<p class=\"p1\">Para pedir a 2\u00aa via, \u00e9 preciso estar quite com a Justi\u00e7a Eleitoral, n\u00e3o ter d\u00e9bitos pendentes (como multas por aus\u00eancia \u00e0s urnas ou aos trabalhos eleitorais, como o de mes\u00e1rio, ou por ter violado o C\u00f3digo Eleitoral e a Lei das Elei\u00e7\u00f5es). \u00c9 preciso regularizar a situa\u00e7\u00e3o no cart\u00f3rio eleitoral antes de dar in\u00edcio ao pedido.<\/p>\n<p class=\"p1\">Quem tiver multas em aberto precisa quit\u00e1-las por uma Guia de Recolhimento da Uni\u00e3o (GRU), emitida pelo cart\u00f3rio eleitoral. O valor vai de R$ 1,05 a R$ 35,14.<\/p>\n<p class=\"p1\">O t\u00edtulo n\u00e3o \u00e9 \u00fanico documento que garante participa\u00e7\u00e3o nas elei\u00e7\u00f5es. Carteira de identidade, carteira de trabalho, carteira de motorista, passaporte ou qualquer documento oficial com foto tamb\u00e9m s\u00e3o aceitos.<\/p>\n<p class=\"p1\">O eleitor tamb\u00e9m pode utilizar uma vers\u00e3o digital do documento pelo aplicativo e-T\u00edtulo. O app tamb\u00e9m informa o local de vota\u00e7\u00e3o, faz emiss\u00e3o de certid\u00f5es de quita\u00e7\u00e3o eleitoral e negativa de crimes eleitorais.<\/p>\n<p>G1<\/p>\n<p>Cariri Em A\u00e7\u00e3o<\/p>\n<p>Leia mais not\u00edcias em\u00a0<a href=\"http:\/\/www.caririemacao.com\/\">caririemacao.com<\/a>, siga nossa p\u00e1gina no\u00a0<a href=\"https:\/\/www.facebook.com\/CaririEmAcao\/?ref=aymt_homepage_panel\">Facebook<\/a>,\u00a0<a href=\"https:\/\/www.instagram.com\/cariri_em_acao\/?hl=pt-br\">Instagram<\/a>\u00a0e\u00a0<a href=\"https:\/\/www.youtube.com\/channel\/UCAptA0jQuYQy8vMhLt2m4qg\">Youtube<\/a>\u00a0e veja nossas mat\u00e9rias, v\u00eddeos e fotos. Voc\u00ea tamb\u00e9m pode enviar informa\u00e7\u00f5es \u00e0 Reda\u00e7\u00e3o do Portal Cariri em A\u00e7\u00e3o pelo WhatsApp (83) 9 9634.5791, (83) 9 9601-1162.<\/p>\n","protected":false},"excerpt":{"rendered":"<p>Termina nesta quinta-feira (27) o prazo para quem precisa tirar a 2\u00aa via do t\u00edtulo eleitoral. O pedido deve ser feito em cart\u00f3rio da zona&hellip; <\/p>\n","protected":false},"author":1,"featured_media":39943,"comment_status":"closed","ping_status":"closed","sticky":false,"template":"","format":"standard","meta":{"sfsi_plus_gutenberg_text_before_share":"","sfsi_plus_gutenberg_show_text_before_share":"","sfsi_plus_gutenberg_icon_type":"","sfsi_plus_gutenberg_icon_alignemt":"","sfsi_plus_gutenburg_max_per_row":"","footnotes":""},"categories":[1],"tags":[],"class_list":["post-66314","post","type-post","status-publish","format-standard","has-post-thumbnail","hentry","category-o-site"],"_links":{"self":[{"href":"https:\/\/www.caririemacao.com\/1\/wp-json\/wp\/v2\/posts\/66314","targetHints":{"allow":["GET"]}}],"collection":[{"href":"https:\/\/www.caririemacao.com\/1\/wp-json\/wp\/v2\/posts"}],"about":[{"href":"https:\/\/www.caririemacao.com\/1\/wp-json\/wp\/v2\/types\/post"}],"author":[{"embeddable":true,"href":"https:\/\/www.caririemacao.com\/1\/wp-json\/wp\/v2\/users\/1"}],"replies":[{"embeddable":true,"href":"https:\/\/www.caririemacao.com\/1\/wp-json\/wp\/v2\/comments?post=66314"}],"version-history":[{"count":1,"href":"https:\/\/www.caririemacao.com\/1\/wp-json\/wp\/v2\/posts\/66314\/revisions"}],"predecessor-version":[{"id":66315,"href":"https:\/\/www.caririemacao.com\/1\/wp-json\/wp\/v2\/posts\/66314\/revisions\/66315"}],"wp:featuredmedia":[{"embeddable":true,"href":"https:\/\/www.caririemacao.com\/1\/wp-json\/wp\/v2\/media\/39943"}],"wp:attachment":[{"href":"https:\/\/www.caririemacao.com\/1\/wp-json\/wp\/v2\/media?parent=66314"}],"wp:term":[{"taxonomy":"category","embeddable":true,"href":"https:\/\/www.caririemacao.com\/1\/wp-json\/wp\/v2\/categories?post=66314"},{"taxonomy":"post_tag","embeddable":true,"href":"https:\/\/www.caririemacao.com\/1\/wp-json\/wp\/v2\/tags?post=66314"}],"curies":[{"name":"wp","href":"https:\/\/api.w.org\/{rel}","templated":true}]}}