{"id":66319,"date":"2018-09-27T14:16:57","date_gmt":"2018-09-27T17:16:57","guid":{"rendered":"http:\/\/www.caririemacao.com\/1\/?p=66319"},"modified":"2018-09-27T14:16:57","modified_gmt":"2018-09-27T17:16:57","slug":"mp-recomenda-interdicao-de-mandato-de-prefeito-na-pb-por-suspeita-de-alzheimer","status":"publish","type":"post","link":"https:\/\/www.caririemacao.com\/1\/2018\/09\/27\/mp-recomenda-interdicao-de-mandato-de-prefeito-na-pb-por-suspeita-de-alzheimer\/","title":{"rendered":"MP recomenda interdi\u00e7\u00e3o de mandato de prefeito na PB por suspeita de Alzheimer"},"content":{"rendered":"<p class=\"p1\"><a class=\"single-image-gallery\" href=\"http:\/\/www.blogdogordinho.com.br\/prefeitura-e-investigada-por-irregularidade-em-pregao-que-todos-venceram-e-custou-r-567-mil\/mppb-joao-pessoa\/\" rel=\"attachment wp-att-163076\"><img fetchpriority=\"high\" decoding=\"async\" class=\"alignleft size-large wp-image-163076\" src=\"https:\/\/i2.wp.com\/www.blogdogordinho.com.br\/site\/wp-content\/uploads\/2018\/04\/MPPB-Jo%C3%A3o-Pessoa.jpg?resize=1024%2C768\" sizes=\"(max-width: 1000px) 100vw, 1000px\" srcset=\"https:\/\/i2.wp.com\/www.blogdogordinho.com.br\/site\/wp-content\/uploads\/2018\/04\/MPPB-Jo\u00e3o-Pessoa.jpg?resize=1024%2C768 1024w, https:\/\/i2.wp.com\/www.blogdogordinho.com.br\/site\/wp-content\/uploads\/2018\/04\/MPPB-Jo\u00e3o-Pessoa.jpg?resize=300%2C225 300w, https:\/\/i2.wp.com\/www.blogdogordinho.com.br\/site\/wp-content\/uploads\/2018\/04\/MPPB-Jo\u00e3o-Pessoa.jpg?resize=768%2C576 768w, https:\/\/i2.wp.com\/www.blogdogordinho.com.br\/site\/wp-content\/uploads\/2018\/04\/MPPB-Jo\u00e3o-Pessoa.jpg?w=2000 2000w\" alt=\"\" width=\"330\" height=\"247\" data-attachment-id=\"163076\" data-permalink=\"http:\/\/www.blogdogordinho.com.br\/prefeitura-e-investigada-por-irregularidade-em-pregao-que-todos-venceram-e-custou-r-567-mil\/mppb-joao-pessoa\/\" data-orig-file=\"https:\/\/i2.wp.com\/www.blogdogordinho.com.br\/site\/wp-content\/uploads\/2018\/04\/MPPB-Jo\u00e3o-Pessoa.jpg?fit=2991%2C2244\" data-orig-size=\"2991,2244\" data-comments-opened=\"1\" data-image-meta=\"{&quot;aperture&quot;:&quot;0&quot;,&quot;credit&quot;:&quot;&quot;,&quot;camera&quot;:&quot;&quot;,&quot;caption&quot;:&quot;&quot;,&quot;created_timestamp&quot;:&quot;0&quot;,&quot;copyright&quot;:&quot;&quot;,&quot;focal_length&quot;:&quot;0&quot;,&quot;iso&quot;:&quot;0&quot;,&quot;shutter_speed&quot;:&quot;0&quot;,&quot;title&quot;:&quot;&quot;,&quot;orientation&quot;:&quot;0&quot;}\" data-image-title=\"MPPB \u2013 Jo\u00e3o Pessoa\" data-image-description=\"\" data-medium-file=\"https:\/\/i2.wp.com\/www.blogdogordinho.com.br\/site\/wp-content\/uploads\/2018\/04\/MPPB-Jo\u00e3o-Pessoa.jpg?fit=300%2C225\" data-large-file=\"https:\/\/i2.wp.com\/www.blogdogordinho.com.br\/site\/wp-content\/uploads\/2018\/04\/MPPB-Jo\u00e3o-Pessoa.jpg?fit=1024%2C768\" \/><\/a>O promotor do Minist\u00e9rio P\u00fablico da Para\u00edba (MPPB), Jos\u00e9 Bezerra Diniz, emitiu uma recomenda\u00e7\u00e3o de interdi\u00e7\u00e3o do mandato do prefeito de S\u00e3o Jo\u00e3o do Cariri, Cosme Gon\u00e7alves de Farias (DEM), de 62 anos. A recomenda\u00e7\u00e3o tem como base o<span class=\"s1\">inqu\u00e9rito que investiga a sanidade mental do gestor<\/span>, tendo em vista a suspeita de que ele esteja sofrendo da doen\u00e7a de Alzheimer.<\/p>\n<p class=\"p1\">O\u00a0G1\u00a0n\u00e3o conseguiu entrar em contato com prefeito. J\u00e1 o advogado Maviael Fernandes, que faz a defesa do prefeito, disse que os exames j\u00e1 foram feitos, mas que ainda n\u00e3o foram apresentados, pois o resultado vai ser divulgado apenas no dia 4 de outubro. O advogado tamb\u00e9m destacou que o prefeito est\u00e1 frequentando a prefeitura diariamente.<\/p>\n<p class=\"p1\">A informa\u00e7\u00e3o da recomenda\u00e7\u00e3o do MPPB foi confirmada na tarde desta quarta-feira (26) pelo promotor. Segundo ele, essa recomenda\u00e7\u00e3o foi emitida tendo em vista que o prefeito n\u00e3o apresentou nenhum documento que comprovasse a sanidade mental, no prazo que recebeu pelo Minist\u00e9rio P\u00fablico, depois da den\u00fancia.<\/p>\n<p class=\"p1\">Segundo o promotor, este ser\u00e1 o \u00faltimo passo antes do Minist\u00e9rio P\u00fablico da Para\u00edba entrar com o pedido de interdi\u00e7\u00e3o direto, tendo em vista que pelo C\u00f3digo de Processo Civil (CPC) este pedido precisa ser feito primeiro pela pr\u00f3pria fam\u00edlia ou por representante da entidade. O MPPB deu o prazo de 30 dias para que a fam\u00edlia entre com o pedido ou ainda prove a sanidade mental do gestor.<\/p>\n<p class=\"p1\">\u201cPor cautela fizermos essa recomenda\u00e7\u00e3o. O artigo 747, que trata da interdi\u00e7\u00e3o, prev\u00ea que essa interdi\u00e7\u00e3o precisa ser promovida primeiro pelo c\u00f4njuge. Se n\u00e3o for feito assim, a segunda op\u00e7\u00e3o \u00e9 a fam\u00edlia. Se a fam\u00edlia n\u00e3o o fizer a terceira op\u00e7\u00e3o \u00e9 o representante da entidade. Por \u00faltimo, o pedido pode ser feito pelo Minist\u00e9rio P\u00fablico. Ent\u00e3o demos esse prazo para respeitar a prerrogativa\u201d, disse ele.<\/p>\n<p class=\"p1\">O procedimento de investiga\u00e7\u00e3o foi aberto desde o m\u00eas de julho depois de uma representa\u00e7\u00e3o protocolada por uma moradora da cidade. Segundo a representa\u00e7\u00e3o, o prefeito estaria em um quadro da doen\u00e7a, no qual estaria sem condi\u00e7\u00f5es mentais de gerir o munic\u00edpio, e que administra\u00e7\u00e3o estaria sendo mediada pela esposa e filhos. Tamb\u00e9m h\u00e1 relato de casos em que o prefeito j\u00e1 teria se perdido ao sair de casa sozinho e que n\u00e3o reconhece mais as pessoas que convivem com ele h\u00e1 d\u00e9cadas no munic\u00edpio.<\/p>\n<p class=\"p1\">O promotor da cidade de S\u00e3o Jo\u00e3o do Cariri tamb\u00e9m comentou que ao conversar com o prefeito, ap\u00f3s a representa\u00e7\u00e3o, percebeu que ele estava confuso e que, durante a conversa<span class=\"s1\">, o prefeito confundiu a quantidade de filhos que tem, durante uma declara\u00e7\u00e3o<\/span>. Na \u00e9poca, segundo o promotor, pr\u00f3prio gestor reconheceu que est\u00e1 sofrendo oscila\u00e7\u00f5es de mem\u00f3ria.<\/p>\n<p>G1<\/p>\n<p>Cariri Em A\u00e7\u00e3o<\/p>\n<p>Leia mais not\u00edcias em\u00a0<a href=\"http:\/\/www.caririemacao.com\/\">caririemacao.com<\/a>, siga nossa p\u00e1gina no\u00a0<a href=\"https:\/\/www.facebook.com\/CaririEmAcao\/?ref=aymt_homepage_panel\">Facebook<\/a>,\u00a0<a href=\"https:\/\/www.instagram.com\/cariri_em_acao\/?hl=pt-br\">Instagram<\/a>\u00a0e\u00a0<a href=\"https:\/\/www.youtube.com\/channel\/UCAptA0jQuYQy8vMhLt2m4qg\">Youtube<\/a>\u00a0e veja nossas mat\u00e9rias, v\u00eddeos e fotos. Voc\u00ea tamb\u00e9m pode enviar informa\u00e7\u00f5es \u00e0 Reda\u00e7\u00e3o do Portal Cariri em A\u00e7\u00e3o pelo WhatsApp (83) 9 9634.5791, (83) 9 9601-1162.<\/p>\n","protected":false},"excerpt":{"rendered":"<p>O promotor do Minist\u00e9rio P\u00fablico da Para\u00edba (MPPB), Jos\u00e9 Bezerra Diniz, emitiu uma recomenda\u00e7\u00e3o de interdi\u00e7\u00e3o do mandato do prefeito de S\u00e3o Jo\u00e3o do Cariri,&hellip; <\/p>\n","protected":false},"author":1,"featured_media":64185,"comment_status":"closed","ping_status":"closed","sticky":false,"template":"","format":"standard","meta":{"sfsi_plus_gutenberg_text_before_share":"","sfsi_plus_gutenberg_show_text_before_share":"","sfsi_plus_gutenberg_icon_type":"","sfsi_plus_gutenberg_icon_alignemt":"","sfsi_plus_gutenburg_max_per_row":"","footnotes":""},"categories":[16],"tags":[],"class_list":["post-66319","post","type-post","status-publish","format-standard","has-post-thumbnail","hentry","category-saude"],"_links":{"self":[{"href":"https:\/\/www.caririemacao.com\/1\/wp-json\/wp\/v2\/posts\/66319","targetHints":{"allow":["GET"]}}],"collection":[{"href":"https:\/\/www.caririemacao.com\/1\/wp-json\/wp\/v2\/posts"}],"about":[{"href":"https:\/\/www.caririemacao.com\/1\/wp-json\/wp\/v2\/types\/post"}],"author":[{"embeddable":true,"href":"https:\/\/www.caririemacao.com\/1\/wp-json\/wp\/v2\/users\/1"}],"replies":[{"embeddable":true,"href":"https:\/\/www.caririemacao.com\/1\/wp-json\/wp\/v2\/comments?post=66319"}],"version-history":[{"count":1,"href":"https:\/\/www.caririemacao.com\/1\/wp-json\/wp\/v2\/posts\/66319\/revisions"}],"predecessor-version":[{"id":66320,"href":"https:\/\/www.caririemacao.com\/1\/wp-json\/wp\/v2\/posts\/66319\/revisions\/66320"}],"wp:featuredmedia":[{"embeddable":true,"href":"https:\/\/www.caririemacao.com\/1\/wp-json\/wp\/v2\/media\/64185"}],"wp:attachment":[{"href":"https:\/\/www.caririemacao.com\/1\/wp-json\/wp\/v2\/media?parent=66319"}],"wp:term":[{"taxonomy":"category","embeddable":true,"href":"https:\/\/www.caririemacao.com\/1\/wp-json\/wp\/v2\/categories?post=66319"},{"taxonomy":"post_tag","embeddable":true,"href":"https:\/\/www.caririemacao.com\/1\/wp-json\/wp\/v2\/tags?post=66319"}],"curies":[{"name":"wp","href":"https:\/\/api.w.org\/{rel}","templated":true}]}}