{"id":66321,"date":"2018-09-27T14:22:10","date_gmt":"2018-09-27T17:22:10","guid":{"rendered":"http:\/\/www.caririemacao.com\/1\/?p=66321"},"modified":"2018-09-27T14:22:10","modified_gmt":"2018-09-27T17:22:10","slug":"ricardo-nega-apoio-a-ciro-ataca-bolsonaro-e-confirma-voto-em-haddad","status":"publish","type":"post","link":"https:\/\/www.caririemacao.com\/1\/2018\/09\/27\/ricardo-nega-apoio-a-ciro-ataca-bolsonaro-e-confirma-voto-em-haddad\/","title":{"rendered":"Ricardo nega apoio a Ciro, ataca Bolsonaro e confirma voto em Haddad"},"content":{"rendered":"<p>O governador Ricardo Coutinho (PSB), negou, na manh\u00e3 desta quinta-feira (27), que elogios que fez ao presidenci\u00e1vel Ciro Gomes em Campina Grande tenham rela\u00e7\u00e3o com apoio pol\u00edtico ao pedetista. O socialista afirmou que apoia o petista Fernando Haddad para Presid\u00eancia da Rep\u00fablica.<\/p>\n<p>Ainda durante a sua fala, sem citar nomes, Ricardo Coutinho criticou o candidato Jair Bolsonaro, por defender o uso de armas pela popula\u00e7\u00e3o.<\/p>\n<p>\u201cEu reconheci o talento natural que Ciro Gomes tem, que \u00e9 um cara que entende das coisas, n\u00e3o fala bobagem como tem alguns candidatos que s\u00f3 sabem falar em armas como se armas fossem resolver o problema de algum lugar. Se armas resolvessem o Brasil era um para\u00edso porque o que mais tem no Brasil \u00e9 arma\u201d, destacou.<\/p>\n<p>\u201cEu acho que esse caminho da solu\u00e7\u00e3o f\u00e1cil de pegar os \u00f3dios e temores que existem e transformar isso em um candidato n\u00e3o tem nada a dizer n\u00e3o \u00e9 a solu\u00e7\u00e3o. O brasileiro n\u00e3o \u00e9 extremista e tem uma personalidade de centro esquerda. Os avan\u00e7os n\u00e3o se dar\u00e3o nos moldes dos que pregam viol\u00eancia sobre viol\u00eancia\u201d, acrescentou.<\/p>\n<p>MaisPB<\/p>\n<p>Cariri Em A\u00e7\u00e3o<\/p>\n<p>Leia mais not\u00edcias em\u00a0<a href=\"http:\/\/www.caririemacao.com\/\">caririemacao.com<\/a>, siga nossa p\u00e1gina no\u00a0<a href=\"https:\/\/www.facebook.com\/CaririEmAcao\/?ref=aymt_homepage_panel\">Facebook<\/a>,\u00a0<a href=\"https:\/\/www.instagram.com\/cariri_em_acao\/?hl=pt-br\">Instagram<\/a>\u00a0e\u00a0<a href=\"https:\/\/www.youtube.com\/channel\/UCAptA0jQuYQy8vMhLt2m4qg\">Youtube<\/a>\u00a0e veja nossas mat\u00e9rias, v\u00eddeos e fotos. Voc\u00ea tamb\u00e9m pode enviar informa\u00e7\u00f5es \u00e0 Reda\u00e7\u00e3o do Portal Cariri em A\u00e7\u00e3o pelo WhatsApp (83) 9 9634.5791, (83) 9 9601-1162.<\/p>\n","protected":false},"excerpt":{"rendered":"<p>O governador Ricardo Coutinho (PSB), negou, na manh\u00e3 desta quinta-feira (27), que elogios que fez ao presidenci\u00e1vel Ciro Gomes em Campina Grande tenham rela\u00e7\u00e3o com&hellip; <\/p>\n","protected":false},"author":1,"featured_media":33979,"comment_status":"closed","ping_status":"closed","sticky":false,"template":"","format":"standard","meta":{"sfsi_plus_gutenberg_text_before_share":"","sfsi_plus_gutenberg_show_text_before_share":"","sfsi_plus_gutenberg_icon_type":"","sfsi_plus_gutenberg_icon_alignemt":"","sfsi_plus_gutenburg_max_per_row":"","footnotes":""},"categories":[1],"tags":[],"class_list":["post-66321","post","type-post","status-publish","format-standard","has-post-thumbnail","hentry","category-o-site"],"_links":{"self":[{"href":"https:\/\/www.caririemacao.com\/1\/wp-json\/wp\/v2\/posts\/66321","targetHints":{"allow":["GET"]}}],"collection":[{"href":"https:\/\/www.caririemacao.com\/1\/wp-json\/wp\/v2\/posts"}],"about":[{"href":"https:\/\/www.caririemacao.com\/1\/wp-json\/wp\/v2\/types\/post"}],"author":[{"embeddable":true,"href":"https:\/\/www.caririemacao.com\/1\/wp-json\/wp\/v2\/users\/1"}],"replies":[{"embeddable":true,"href":"https:\/\/www.caririemacao.com\/1\/wp-json\/wp\/v2\/comments?post=66321"}],"version-history":[{"count":1,"href":"https:\/\/www.caririemacao.com\/1\/wp-json\/wp\/v2\/posts\/66321\/revisions"}],"predecessor-version":[{"id":66322,"href":"https:\/\/www.caririemacao.com\/1\/wp-json\/wp\/v2\/posts\/66321\/revisions\/66322"}],"wp:featuredmedia":[{"embeddable":true,"href":"https:\/\/www.caririemacao.com\/1\/wp-json\/wp\/v2\/media\/33979"}],"wp:attachment":[{"href":"https:\/\/www.caririemacao.com\/1\/wp-json\/wp\/v2\/media?parent=66321"}],"wp:term":[{"taxonomy":"category","embeddable":true,"href":"https:\/\/www.caririemacao.com\/1\/wp-json\/wp\/v2\/categories?post=66321"},{"taxonomy":"post_tag","embeddable":true,"href":"https:\/\/www.caririemacao.com\/1\/wp-json\/wp\/v2\/tags?post=66321"}],"curies":[{"name":"wp","href":"https:\/\/api.w.org\/{rel}","templated":true}]}}