{"id":66334,"date":"2018-09-27T16:54:23","date_gmt":"2018-09-27T19:54:23","guid":{"rendered":"http:\/\/www.caririemacao.com\/1\/?p=66334"},"modified":"2018-09-27T16:54:23","modified_gmt":"2018-09-27T19:54:23","slug":"governador-em-resposta-ao-tce-pb-meu-cargo-foi-dado-pelo-povo-e-nao-por-parentes","status":"publish","type":"post","link":"https:\/\/www.caririemacao.com\/1\/2018\/09\/27\/governador-em-resposta-ao-tce-pb-meu-cargo-foi-dado-pelo-povo-e-nao-por-parentes\/","title":{"rendered":"Governador em resposta ao TCE\/PB: \u201cMeu cargo foi dado pelo povo e n\u00e3o por parentes\u201d"},"content":{"rendered":"<p>A queda de bra\u00e7o entre o governador da Para\u00edba, Ricardo Coutinho (PSB), e o conselheiro do Tribunal de Contas do Estado, Fernando Cat\u00e3o, vai longe por.<\/p>\n<p>A ciz\u00e2nia entre os dois vem desde a suspens\u00e3o do Programa Empreender, no final do ano passado, a pedido do conselheiro sob a alega\u00e7\u00e3o de que n\u00e3o estava sendo utilizado conforme o seu figurino legal, especialmente diante da falta de transpar\u00eancia durante o procedimento.<\/p>\n<p>Conforme o governador, o conselheiro manipulou os dados do programa buscando criar um clima para um debate pol\u00edtico criminalizando o Empreender.<\/p>\n<p>\u201cE isso eu n\u00e3o vou aceitar. Eu tenho que estar \u00e0 altura do cargo que eu recebi do povo. Eu n\u00e3o recebi de nenhum parente, n\u00e3o\u201c, rebateu.<\/p>\n<div id=\"attachment_507500\" class=\"wp-caption aligncenter\"><img decoding=\"async\" class=\"wp-image-507500 size-full lazyloaded\" src=\"https:\/\/paraibaonline.com.br\/wp-content\/uploads\/2018\/09\/22886020_1497624063662371_2429360937666383639_n.jpg\" sizes=\"(max-width: 960px) 100vw, 960px\" srcset=\"https:\/\/paraibaonline.com.br\/wp-content\/uploads\/2018\/09\/22886020_1497624063662371_2429360937666383639_n.jpg 960w, https:\/\/paraibaonline.com.br\/wp-content\/uploads\/2018\/09\/22886020_1497624063662371_2429360937666383639_n-567x319.jpg 567w, https:\/\/paraibaonline.com.br\/wp-content\/uploads\/2018\/09\/22886020_1497624063662371_2429360937666383639_n-900x506.jpg 900w\" alt=\"Foto: Paraibaonline\" data-lazy-src=\"https:\/\/paraibaonline.com.br\/wp-content\/uploads\/2018\/09\/22886020_1497624063662371_2429360937666383639_n.jpg\" data-lazy-srcset=\"https:\/\/paraibaonline.com.br\/wp-content\/uploads\/2018\/09\/22886020_1497624063662371_2429360937666383639_n.jpg 960w, https:\/\/paraibaonline.com.br\/wp-content\/uploads\/2018\/09\/22886020_1497624063662371_2429360937666383639_n-567x319.jpg 567w, https:\/\/paraibaonline.com.br\/wp-content\/uploads\/2018\/09\/22886020_1497624063662371_2429360937666383639_n-900x506.jpg 900w\" data-lazy-sizes=\"(max-width: 960px) 100vw, 960px\" data-was-processed=\"true\" \/><\/p>\n<p class=\"wp-caption-text\">Foto: Paraibaonline<\/p>\n<\/div>\n<p>Com a suspens\u00e3o, o caso foi parar na Justi\u00e7a e o programa voltou a funcionar, mas existem a\u00e7\u00f5es de investiga\u00e7\u00e3o judicial eleitoral tramitando no Tribunal Regional Eleitoral, que solicitam a cassa\u00e7\u00e3o do governador sob a acusa\u00e7\u00e3o de abuso de Poder Econ\u00f4mico por conta da distribui\u00e7\u00e3o de linhas de cr\u00e9ditos durante o per\u00edodo eleitoral em 2014.<\/p>\n<p>O Conselheiro Fernando Cat\u00e3o \u00e9 tio do senador C\u00e1ssio Cunha Lima (PSDB), desafeto pol\u00edtico do governador Ricardo Coutinho.<\/p>\n<p>Recentemente, o governador disse que o conselheiro utiliza a Corte de Contas para fazer proselitismo pol\u00edtico em favor de um setor da imprensa do Estado, ajudando a oposi\u00e7\u00e3o atacar seu governo.<\/p>\n<p>Os conselheiros consideram uma ofensa ao membro da Corte e emprestaram, desde o presidente do TCE, Andr\u00e9 Carlo Torres, solidariedade a Cat\u00e3o.<\/p>\n<p>Nesta quinta-feira (27), durante a solenidade de entrega de uma Escola T\u00e9cnica no Bairro do Conjunto Costa Silva, em Jo\u00e3o Pessoa, o governador voltou a criticar o TCE e n\u00e3o deu ainda por encerrada a crise instalada.<\/p>\n<p>\u201cEles podem ser solid\u00e1rios com quem quiser, a mim pouco interessa. Eu falo a verdade. Eu estou dizendo que at\u00e9 setembro do ano passado n\u00f3s entregamos 13, 4 milh\u00f5es de cr\u00e9dito do Empreender e Cat\u00e3o sabe disso, mas ele pegou uma \u00e9poca em que o programa estava parado porque ele mesmo parou atrav\u00e9s de uma cautelar e n\u00f3s tivemos que ir \u00e0 Justi\u00e7a\u201d, disse.<\/p>\n<p>Conforme o governador, o conselheiro manipulou os dados do programa buscando criar um clima para um debate pol\u00edtico criminalizando o programa do governo do Estado.<\/p>\n<p>\u201cSe for comparado o per\u00edodo que eles queriam pra fazer campanha pol\u00edtica partid\u00e1ria, \u00e9 claro que aumentar 600% de atendimento, mas se comparar at\u00e9 setembro quando foi de treze milh\u00f5es, este ano a libera\u00e7\u00e3o foi de apenas 10 milh\u00f5es. Portanto, n\u00f3s nem vamos poder liberar mais que o ano passado, at\u00e9 porque houve claramente uma manipula\u00e7\u00e3o\u201d, acusou.<\/p>\n<p>Para\u00edba Online<\/p>\n<p>Cariri Em A\u00e7\u00e3o<\/p>\n<p>Leia mais not\u00edcias em\u00a0<a href=\"http:\/\/www.caririemacao.com\/\">caririemacao.com<\/a>, siga nossa p\u00e1gina no\u00a0<a href=\"https:\/\/www.facebook.com\/CaririEmAcao\/?ref=aymt_homepage_panel\">Facebook<\/a>,\u00a0<a href=\"https:\/\/www.instagram.com\/cariri_em_acao\/?hl=pt-br\">Instagram<\/a>\u00a0e\u00a0<a href=\"https:\/\/www.youtube.com\/channel\/UCAptA0jQuYQy8vMhLt2m4qg\">Youtube<\/a>\u00a0e veja nossas mat\u00e9rias, v\u00eddeos e fotos. Voc\u00ea tamb\u00e9m pode enviar informa\u00e7\u00f5es \u00e0 Reda\u00e7\u00e3o do Portal Cariri em A\u00e7\u00e3o pelo WhatsApp (83) 9 9634.5791, (83) 9 9601-1162.<\/p>\n","protected":false},"excerpt":{"rendered":"<p>A queda de bra\u00e7o entre o governador da Para\u00edba, Ricardo Coutinho (PSB), e o conselheiro do Tribunal de Contas do Estado, Fernando Cat\u00e3o, vai longe&hellip; <\/p>\n","protected":false},"author":1,"featured_media":43797,"comment_status":"closed","ping_status":"closed","sticky":false,"template":"","format":"standard","meta":{"sfsi_plus_gutenberg_text_before_share":"","sfsi_plus_gutenberg_show_text_before_share":"","sfsi_plus_gutenberg_icon_type":"","sfsi_plus_gutenberg_icon_alignemt":"","sfsi_plus_gutenburg_max_per_row":"","footnotes":""},"categories":[2],"tags":[],"class_list":["post-66334","post","type-post","status-publish","format-standard","has-post-thumbnail","hentry","category-geral"],"_links":{"self":[{"href":"https:\/\/www.caririemacao.com\/1\/wp-json\/wp\/v2\/posts\/66334","targetHints":{"allow":["GET"]}}],"collection":[{"href":"https:\/\/www.caririemacao.com\/1\/wp-json\/wp\/v2\/posts"}],"about":[{"href":"https:\/\/www.caririemacao.com\/1\/wp-json\/wp\/v2\/types\/post"}],"author":[{"embeddable":true,"href":"https:\/\/www.caririemacao.com\/1\/wp-json\/wp\/v2\/users\/1"}],"replies":[{"embeddable":true,"href":"https:\/\/www.caririemacao.com\/1\/wp-json\/wp\/v2\/comments?post=66334"}],"version-history":[{"count":1,"href":"https:\/\/www.caririemacao.com\/1\/wp-json\/wp\/v2\/posts\/66334\/revisions"}],"predecessor-version":[{"id":66335,"href":"https:\/\/www.caririemacao.com\/1\/wp-json\/wp\/v2\/posts\/66334\/revisions\/66335"}],"wp:featuredmedia":[{"embeddable":true,"href":"https:\/\/www.caririemacao.com\/1\/wp-json\/wp\/v2\/media\/43797"}],"wp:attachment":[{"href":"https:\/\/www.caririemacao.com\/1\/wp-json\/wp\/v2\/media?parent=66334"}],"wp:term":[{"taxonomy":"category","embeddable":true,"href":"https:\/\/www.caririemacao.com\/1\/wp-json\/wp\/v2\/categories?post=66334"},{"taxonomy":"post_tag","embeddable":true,"href":"https:\/\/www.caririemacao.com\/1\/wp-json\/wp\/v2\/tags?post=66334"}],"curies":[{"name":"wp","href":"https:\/\/api.w.org\/{rel}","templated":true}]}}