{"id":66338,"date":"2018-09-27T17:14:25","date_gmt":"2018-09-27T20:14:25","guid":{"rendered":"http:\/\/www.caririemacao.com\/1\/?p=66338"},"modified":"2018-09-27T17:14:25","modified_gmt":"2018-09-27T20:14:25","slug":"prefeitura-de-monteiro-paga-salarios-do-mes-de-setembro-nesta-sexta-e-sabado","status":"publish","type":"post","link":"https:\/\/www.caririemacao.com\/1\/2018\/09\/27\/prefeitura-de-monteiro-paga-salarios-do-mes-de-setembro-nesta-sexta-e-sabado\/","title":{"rendered":"Prefeitura de Monteiro paga sal\u00e1rios do m\u00eas de setembro nesta sexta e s\u00e1bado"},"content":{"rendered":"<p>A Prefeitura de Monteiro anunciou nesta quarta-feira que o pagamento dos sal\u00e1rios relativos ao m\u00eas de setembro ser\u00e3o realizados nesta sexta-feira, 28, e s\u00e1bado dia 29.<\/p>\n<p>Primeiramente podem fazer os saques os funcion\u00e1rios inativos, o que ocorre na sexta-feira, j\u00e1 os ativos, concursados \u2013 comissionados \u2013 processo seletivo, ter\u00e3o creditados em suas contas os sal\u00e1rios do m\u00eas na sexta podendo ser feita a retirada no s\u00e1bado.<\/p>\n<p>Realizando sempre o pagamento dentro do m\u00eas trabalhado, a Prefeitura injeta indiretamente no com\u00e9rcio local cerca de 2,4 milh\u00f5es de reais, fruto de um compromisso cumprido junto ao funcionalismo que gera equil\u00edbrio e seguran\u00e7a financeira.<\/p>\n<p>Ascom\/Monteiro<\/p>\n<div class=\"pf-content\">\n<p>Cariri Em A\u00e7\u00e3o<\/p>\n<p>Leia mais not\u00edcias em\u00a0<a href=\"http:\/\/www.caririemacao.com\/\">caririemacao.com<\/a>, siga nossa p\u00e1gina no\u00a0<a href=\"https:\/\/www.facebook.com\/CaririEmAcao\/?ref=aymt_homepage_panel\">Facebook<\/a>,\u00a0<a href=\"https:\/\/www.instagram.com\/cariri_em_acao\/?hl=pt-br\">Instagram<\/a>\u00a0e\u00a0<a href=\"https:\/\/www.youtube.com\/channel\/UCAptA0jQuYQy8vMhLt2m4qg\">Youtube<\/a>\u00a0e veja nossas mat\u00e9rias, v\u00eddeos e fotos. Voc\u00ea tamb\u00e9m pode enviar informa\u00e7\u00f5es \u00e0 Reda\u00e7\u00e3o do Portal Cariri em A\u00e7\u00e3o pelo WhatsApp (83) 9 9634.5791, (83) 9 9601-1162.<\/p>\n<\/div>\n<p class=\"dpsp-share-text\">Compartilhe!<\/p>\n","protected":false},"excerpt":{"rendered":"<p>A Prefeitura de Monteiro anunciou nesta quarta-feira que o pagamento dos sal\u00e1rios relativos ao m\u00eas de setembro ser\u00e3o realizados nesta sexta-feira, 28, e s\u00e1bado dia&hellip; <\/p>\n","protected":false},"author":1,"featured_media":66339,"comment_status":"closed","ping_status":"closed","sticky":false,"template":"","format":"standard","meta":{"sfsi_plus_gutenberg_text_before_share":"","sfsi_plus_gutenberg_show_text_before_share":"","sfsi_plus_gutenberg_icon_type":"","sfsi_plus_gutenberg_icon_alignemt":"","sfsi_plus_gutenburg_max_per_row":"","footnotes":""},"categories":[6],"tags":[],"class_list":["post-66338","post","type-post","status-publish","format-standard","has-post-thumbnail","hentry","category-cidades"],"_links":{"self":[{"href":"https:\/\/www.caririemacao.com\/1\/wp-json\/wp\/v2\/posts\/66338","targetHints":{"allow":["GET"]}}],"collection":[{"href":"https:\/\/www.caririemacao.com\/1\/wp-json\/wp\/v2\/posts"}],"about":[{"href":"https:\/\/www.caririemacao.com\/1\/wp-json\/wp\/v2\/types\/post"}],"author":[{"embeddable":true,"href":"https:\/\/www.caririemacao.com\/1\/wp-json\/wp\/v2\/users\/1"}],"replies":[{"embeddable":true,"href":"https:\/\/www.caririemacao.com\/1\/wp-json\/wp\/v2\/comments?post=66338"}],"version-history":[{"count":1,"href":"https:\/\/www.caririemacao.com\/1\/wp-json\/wp\/v2\/posts\/66338\/revisions"}],"predecessor-version":[{"id":66340,"href":"https:\/\/www.caririemacao.com\/1\/wp-json\/wp\/v2\/posts\/66338\/revisions\/66340"}],"wp:featuredmedia":[{"embeddable":true,"href":"https:\/\/www.caririemacao.com\/1\/wp-json\/wp\/v2\/media\/66339"}],"wp:attachment":[{"href":"https:\/\/www.caririemacao.com\/1\/wp-json\/wp\/v2\/media?parent=66338"}],"wp:term":[{"taxonomy":"category","embeddable":true,"href":"https:\/\/www.caririemacao.com\/1\/wp-json\/wp\/v2\/categories?post=66338"},{"taxonomy":"post_tag","embeddable":true,"href":"https:\/\/www.caririemacao.com\/1\/wp-json\/wp\/v2\/tags?post=66338"}],"curies":[{"name":"wp","href":"https:\/\/api.w.org\/{rel}","templated":true}]}}