{"id":66352,"date":"2018-09-27T22:07:19","date_gmt":"2018-09-28T01:07:19","guid":{"rendered":"http:\/\/www.caririemacao.com\/1\/?p=66352"},"modified":"2018-09-27T22:07:19","modified_gmt":"2018-09-28T01:07:19","slug":"ufcg-promovera-semana-nacional-de-ciencia-e-tecnologia-no-cariri-paraibano","status":"publish","type":"post","link":"https:\/\/www.caririemacao.com\/1\/2018\/09\/27\/ufcg-promovera-semana-nacional-de-ciencia-e-tecnologia-no-cariri-paraibano\/","title":{"rendered":"UFCG promover\u00e1 Semana Nacional de Ci\u00eancia e Tecnologia no Cariri paraibano"},"content":{"rendered":"<p>Entre os dias 15 e 19 de outubro, a Universidade Federal de Campina Grande (UFCG) promover\u00e1, no Cariri paraibano, a Semana Nacional de Ci\u00eancia e Tecnologia (SNCT), evento gratuito que acontece anualmente em todo o Brasil no m\u00eas de outubro. Este ano, a SNCT traz como tema \u201cCi\u00eancia para a Redu\u00e7\u00e3o das Desigualdades\u201d, relacionado aos Objetivos do Desenvolvimento Sustent\u00e1vel (ODS) estipulados pelas Na\u00e7\u00f5es Unidas.<\/p>\n<p>Seguindo o tema macro, o evento no Cariri paraibano abordar\u00e1 o eixo tem\u00e1tico \u201cO Desenvolvimento e a Sustentabilidade Associados com a Ci\u00eancia para a Redu\u00e7\u00e3o das Desigualdades\u201d. O evento ser\u00e1 realizado em espa\u00e7os p\u00fablicos nas cidades de Serra Branca e Camala\u00fa e, em Sum\u00e9, no Centro de Desenvolvimento Sustent\u00e1vel do Semi\u00e1rido (CDSA\/UFCG).<\/p>\n<p>Durante os quatro dias de atividades na regi\u00e3o, est\u00e3o programados minicursos, oficinas, viv\u00eancias, exposi\u00e7\u00f5es, visitas a espa\u00e7os tem\u00e1ticos, mostra de v\u00eddeos e apresenta\u00e7\u00f5es culturais. Segundo a organiza\u00e7\u00e3o do evento, a ideia \u00e9 difundir o conhecimento sobre as pr\u00e1ticas e saberes regionais, impulsionando a ci\u00eancia e a tecnologia no Semi\u00e1rido brasileiro.<\/p>\n<p>No Cariri paraibano, o evento \u00e9 organizado pela UFCG, por meio do Laborat\u00f3rio de Ecologia e Bot\u00e2nica (LAEB\/CDSA) e do Grupo de Pesquisa Conserva\u00e7\u00e3o Ecossist\u00eamica e Recupera\u00e7\u00e3o de \u00c1reas Degradadas no Semi\u00e1rido (CERDES). A coordena\u00e7\u00e3o geral \u00e9 da professora Alecksandra Vieira de Lacerda.<\/p>\n<p>Mais informa\u00e7\u00f5es podem ser obtidas pelos telefones (83) 3353-1850\/3353-1879 ou pelo e-mail\u00a0<span id=\"cloakb5d199b7373196b4f7c50f43653a97ca\"><a href=\"mailto:laebcdsa@gmail.com\">laebcdsa@gmail.com<\/a><\/span>.<\/p>\n<p>Confira programa\u00e7\u00e3o completa na\u00a0<a href=\"http:\/\/serpec-expocaatinga.com\/snct-cdsa2018\/programacao\/\">p\u00e1gina do evento<\/a>.<\/p>\n<p>UFCG<\/p>\n<p>Cariri Em A\u00e7\u00e3o<\/p>\n<p>Leia mais not\u00edcias em\u00a0<a href=\"http:\/\/www.caririemacao.com\/\">caririemacao.com<\/a>, siga nossa p\u00e1gina no\u00a0<a href=\"https:\/\/www.facebook.com\/CaririEmAcao\/?ref=aymt_homepage_panel\">Facebook<\/a>,\u00a0<a href=\"https:\/\/www.instagram.com\/cariri_em_acao\/?hl=pt-br\">Instagram<\/a>\u00a0e\u00a0<a href=\"https:\/\/www.youtube.com\/channel\/UCAptA0jQuYQy8vMhLt2m4qg\">Youtube<\/a>\u00a0e veja nossas mat\u00e9rias, v\u00eddeos e fotos. Voc\u00ea tamb\u00e9m pode enviar informa\u00e7\u00f5es \u00e0 Reda\u00e7\u00e3o do Portal Cariri em A\u00e7\u00e3o pelo WhatsApp (83) 9 9634.5791, (83) 9 9601-1162.<\/p>\n<p>&nbsp;<\/p>\n","protected":false},"excerpt":{"rendered":"<p>Entre os dias 15 e 19 de outubro, a Universidade Federal de Campina Grande (UFCG) promover\u00e1, no Cariri paraibano, a Semana Nacional de Ci\u00eancia e&hellip; <\/p>\n","protected":false},"author":1,"featured_media":66353,"comment_status":"closed","ping_status":"closed","sticky":false,"template":"","format":"standard","meta":{"sfsi_plus_gutenberg_text_before_share":"","sfsi_plus_gutenberg_show_text_before_share":"","sfsi_plus_gutenberg_icon_type":"","sfsi_plus_gutenberg_icon_alignemt":"","sfsi_plus_gutenburg_max_per_row":"","footnotes":""},"categories":[14],"tags":[],"class_list":["post-66352","post","type-post","status-publish","format-standard","has-post-thumbnail","hentry","category-educacao"],"_links":{"self":[{"href":"https:\/\/www.caririemacao.com\/1\/wp-json\/wp\/v2\/posts\/66352","targetHints":{"allow":["GET"]}}],"collection":[{"href":"https:\/\/www.caririemacao.com\/1\/wp-json\/wp\/v2\/posts"}],"about":[{"href":"https:\/\/www.caririemacao.com\/1\/wp-json\/wp\/v2\/types\/post"}],"author":[{"embeddable":true,"href":"https:\/\/www.caririemacao.com\/1\/wp-json\/wp\/v2\/users\/1"}],"replies":[{"embeddable":true,"href":"https:\/\/www.caririemacao.com\/1\/wp-json\/wp\/v2\/comments?post=66352"}],"version-history":[{"count":1,"href":"https:\/\/www.caririemacao.com\/1\/wp-json\/wp\/v2\/posts\/66352\/revisions"}],"predecessor-version":[{"id":66354,"href":"https:\/\/www.caririemacao.com\/1\/wp-json\/wp\/v2\/posts\/66352\/revisions\/66354"}],"wp:featuredmedia":[{"embeddable":true,"href":"https:\/\/www.caririemacao.com\/1\/wp-json\/wp\/v2\/media\/66353"}],"wp:attachment":[{"href":"https:\/\/www.caririemacao.com\/1\/wp-json\/wp\/v2\/media?parent=66352"}],"wp:term":[{"taxonomy":"category","embeddable":true,"href":"https:\/\/www.caririemacao.com\/1\/wp-json\/wp\/v2\/categories?post=66352"},{"taxonomy":"post_tag","embeddable":true,"href":"https:\/\/www.caririemacao.com\/1\/wp-json\/wp\/v2\/tags?post=66352"}],"curies":[{"name":"wp","href":"https:\/\/api.w.org\/{rel}","templated":true}]}}