{"id":66355,"date":"2018-09-27T22:15:35","date_gmt":"2018-09-28T01:15:35","guid":{"rendered":"http:\/\/www.caririemacao.com\/1\/?p=66355"},"modified":"2018-09-27T22:15:35","modified_gmt":"2018-09-28T01:15:35","slug":"femar-consegue-mais-tres-pontos-e-lidera-grupo-do-sertao-na-segunda-divisao-do-paraibano","status":"publish","type":"post","link":"https:\/\/www.caririemacao.com\/1\/2018\/09\/27\/femar-consegue-mais-tres-pontos-e-lidera-grupo-do-sertao-na-segunda-divisao-do-paraibano\/","title":{"rendered":"Femar consegue mais tr\u00eas pontos e lidera grupo do Sert\u00e3o na segunda divis\u00e3o do Paraibano"},"content":{"rendered":"<p>Em jogo realizado nesta quarta-feira (26\/09), no Est\u00e1dio \u201cO Jacint\u00e3o\u201d em Sum\u00e9, o Femar vence o Nacional de Pompal por 5\u00d73. Na outra partida do grupo, o Esporte de Patos venceu o Sabugy por 5\u00d70.<\/p>\n<p>Ap\u00f3s duas partidas a classifica\u00e7\u00e3o do grupo do Sert\u00e3o \u00e9 a seguinte;<\/p>\n<ol>\n<li>Femar 6 Pontos<\/li>\n<li>Esporte de Patos 4<\/li>\n<li>Nacional de Pompal 1<\/li>\n<li>Sabugy 0<\/li>\n<\/ol>\n<p>A 3\u00aa rodada do grupo acontece no pr\u00f3ximo domingo (29\/09:<\/p>\n<p>15h- Nacional de Patos x Sabugy- (Est\u00e1dio Pereir\u00e3o)<\/p>\n<p>15h- Femar x Esporte de Patos- ( Est\u00e1dio \u201cO Jacint\u00e3o em Sum\u00e9).<\/p>\n<p>Femar<\/p>\n<p>Cariri Em A\u00e7\u00e3o<\/p>\n<p>Leia mais not\u00edcias em\u00a0<a href=\"http:\/\/www.caririemacao.com\/\">caririemacao.com<\/a>, siga nossa p\u00e1gina no\u00a0<a href=\"https:\/\/www.facebook.com\/CaririEmAcao\/?ref=aymt_homepage_panel\">Facebook<\/a>,\u00a0<a href=\"https:\/\/www.instagram.com\/cariri_em_acao\/?hl=pt-br\">Instagram<\/a>\u00a0e\u00a0<a href=\"https:\/\/www.youtube.com\/channel\/UCAptA0jQuYQy8vMhLt2m4qg\">Youtube<\/a>\u00a0e veja nossas mat\u00e9rias, v\u00eddeos e fotos. Voc\u00ea tamb\u00e9m pode enviar informa\u00e7\u00f5es \u00e0 Reda\u00e7\u00e3o do Portal Cariri em A\u00e7\u00e3o pelo WhatsApp (83) 9 9634.5791, (83) 9 9601-1162.<\/p>\n","protected":false},"excerpt":{"rendered":"<p>Em jogo realizado nesta quarta-feira (26\/09), no Est\u00e1dio \u201cO Jacint\u00e3o\u201d em Sum\u00e9, o Femar vence o Nacional de Pompal por 5\u00d73. Na outra partida do&hellip; <\/p>\n","protected":false},"author":1,"featured_media":20685,"comment_status":"closed","ping_status":"closed","sticky":false,"template":"","format":"standard","meta":{"sfsi_plus_gutenberg_text_before_share":"","sfsi_plus_gutenberg_show_text_before_share":"","sfsi_plus_gutenberg_icon_type":"","sfsi_plus_gutenberg_icon_alignemt":"","sfsi_plus_gutenburg_max_per_row":"","footnotes":""},"categories":[13],"tags":[],"class_list":["post-66355","post","type-post","status-publish","format-standard","has-post-thumbnail","hentry","category-esportes"],"_links":{"self":[{"href":"https:\/\/www.caririemacao.com\/1\/wp-json\/wp\/v2\/posts\/66355","targetHints":{"allow":["GET"]}}],"collection":[{"href":"https:\/\/www.caririemacao.com\/1\/wp-json\/wp\/v2\/posts"}],"about":[{"href":"https:\/\/www.caririemacao.com\/1\/wp-json\/wp\/v2\/types\/post"}],"author":[{"embeddable":true,"href":"https:\/\/www.caririemacao.com\/1\/wp-json\/wp\/v2\/users\/1"}],"replies":[{"embeddable":true,"href":"https:\/\/www.caririemacao.com\/1\/wp-json\/wp\/v2\/comments?post=66355"}],"version-history":[{"count":1,"href":"https:\/\/www.caririemacao.com\/1\/wp-json\/wp\/v2\/posts\/66355\/revisions"}],"predecessor-version":[{"id":66356,"href":"https:\/\/www.caririemacao.com\/1\/wp-json\/wp\/v2\/posts\/66355\/revisions\/66356"}],"wp:featuredmedia":[{"embeddable":true,"href":"https:\/\/www.caririemacao.com\/1\/wp-json\/wp\/v2\/media\/20685"}],"wp:attachment":[{"href":"https:\/\/www.caririemacao.com\/1\/wp-json\/wp\/v2\/media?parent=66355"}],"wp:term":[{"taxonomy":"category","embeddable":true,"href":"https:\/\/www.caririemacao.com\/1\/wp-json\/wp\/v2\/categories?post=66355"},{"taxonomy":"post_tag","embeddable":true,"href":"https:\/\/www.caririemacao.com\/1\/wp-json\/wp\/v2\/tags?post=66355"}],"curies":[{"name":"wp","href":"https:\/\/api.w.org\/{rel}","templated":true}]}}